{"id":1095,"date":"2025-10-21T14:17:23","date_gmt":"2025-10-21T17:17:23","guid":{"rendered":"https:\/\/vibrasom.ind.br\/blog\/?p=1095"},"modified":"2025-10-21T14:17:26","modified_gmt":"2025-10-21T17:17:26","slug":"perda-auditiva-mista","status":"publish","type":"post","link":"https:\/\/vibrasom.ind.br\/blog\/perda-auditiva-mista\/","title":{"rendered":"Perda auditiva mista: O que \u00e9 e como posso identific\u00e1-la?"},"content":{"rendered":"\n<p>A perda auditiva mista \u00e9 caracterizada pela presen\u00e7a simult\u00e2nea de problemas na condu\u00e7\u00e3o do som e na percep\u00e7\u00e3o auditiva do ouvido interno, o que pode tornar o diagn\u00f3stico mais desafiador. Para quem percebe altera\u00e7\u00f5es na audi\u00e7\u00e3o, identificar os sinais precocemente e contar com equipamentos precisos \u00e9 fundamental.<\/p>\n\n\n\n<p>A Vibrasom Tecnologia Ac\u00fastica oferece solu\u00e7\u00f5es completas que auxiliam profissionais de audiologia a realizar exames confi\u00e1veis e de alta qualidade.&nbsp;<\/p>\n\n\n\n<p>Se voc\u00ea quer entender melhor o que \u00e9 a perda auditiva mista, conhecer os sinais que podem indicar esse problema e descobrir como nossos produtos podem ajudar no diagn\u00f3stico, preparamos um texto especial sobre o tema.<\/p>\n\n\n\n<p>Boa leitura!<\/p>\n\n\n\n<div id=\"ez-toc-container\" class=\"ez-toc-v2_0_81 counter-hierarchy ez-toc-counter ez-toc-grey ez-toc-container-direction\">\n<div class=\"ez-toc-title-container\">\n<p class=\"ez-toc-title\" style=\"cursor:inherit\">\u00cdndice<\/p>\n<span class=\"ez-toc-title-toggle\"><a href=\"#\" class=\"ez-toc-pull-right ez-toc-btn ez-toc-btn-xs ez-toc-btn-default ez-toc-toggle\" aria-label=\"Alternar tabela de conte\u00fado\"><span class=\"ez-toc-js-icon-con\"><span class=\"\"><span class=\"eztoc-hide\" style=\"display:none;\">Toggle<\/span><span class=\"ez-toc-icon-toggle-span\"><svg style=\"fill: #999;color:#999\" xmlns=\"http:\/\/www.w3.org\/2000\/svg\" class=\"list-377408\" width=\"20px\" height=\"20px\" viewBox=\"0 0 24 24\" fill=\"none\"><path d=\"M6 6H4v2h2V6zm14 0H8v2h12V6zM4 11h2v2H4v-2zm16 0H8v2h12v-2zM4 16h2v2H4v-2zm16 0H8v2h12v-2z\" fill=\"currentColor\"><\/path><\/svg><svg style=\"fill: #999;color:#999\" class=\"arrow-unsorted-368013\" xmlns=\"http:\/\/www.w3.org\/2000\/svg\" width=\"10px\" height=\"10px\" viewBox=\"0 0 24 24\" version=\"1.2\" baseProfile=\"tiny\"><path d=\"M18.2 9.3l-6.2-6.3-6.2 6.3c-.2.2-.3.4-.3.7s.1.5.3.7c.2.2.4.3.7.3h11c.3 0 .5-.1.7-.3.2-.2.3-.5.3-.7s-.1-.5-.3-.7zM5.8 14.7l6.2 6.3 6.2-6.3c.2-.2.3-.5.3-.7s-.1-.5-.3-.7c-.2-.2-.4-.3-.7-.3h-11c-.3 0-.5.1-.7.3-.2.2-.3.5-.3.7s.1.5.3.7z\"\/><\/svg><\/span><\/span><\/span><\/a><\/span><\/div>\n<nav><ul class='ez-toc-list ez-toc-list-level-1 ' ><li class='ez-toc-page-1 ez-toc-heading-level-2'><a class=\"ez-toc-link ez-toc-heading-1\" href=\"https:\/\/vibrasom.ind.br\/blog\/perda-auditiva-mista\/#O_que_e_perda_auditiva_mista\" >O que \u00e9 perda auditiva mista?<\/a><ul class='ez-toc-list-level-3' ><li class='ez-toc-heading-level-3'><a class=\"ez-toc-link ez-toc-heading-2\" href=\"https:\/\/vibrasom.ind.br\/blog\/perda-auditiva-mista\/#Perda_auditiva_mista_Saiba_reconhecer_os_sinais\" >Perda auditiva mista: Saiba reconhecer os sinais<\/a><\/li><\/ul><\/li><li class='ez-toc-page-1 ez-toc-heading-level-2'><a class=\"ez-toc-link ez-toc-heading-3\" href=\"https:\/\/vibrasom.ind.br\/blog\/perda-auditiva-mista\/#Equipamentos_que_facilitam_a_identificacao_da_perda_auditiva_mista\" >Equipamentos que facilitam a identifica\u00e7\u00e3o da perda auditiva mista<\/a><\/li><li class='ez-toc-page-1 ez-toc-heading-level-2'><a class=\"ez-toc-link ez-toc-heading-4\" href=\"https:\/\/vibrasom.ind.br\/blog\/perda-auditiva-mista\/#10_principais_questoes_sobre_perda_auditiva_mista\" >10 principais quest\u00f5es sobre perda auditiva mista<\/a><ul class='ez-toc-list-level-3' ><li class='ez-toc-heading-level-3'><a class=\"ez-toc-link ez-toc-heading-5\" href=\"https:\/\/vibrasom.ind.br\/blog\/perda-auditiva-mista\/#1_O_que_e_a_perda_auditiva_mista\" >1. O que \u00e9 a perda auditiva mista?<\/a><\/li><li class='ez-toc-page-1 ez-toc-heading-level-3'><a class=\"ez-toc-link ez-toc-heading-6\" href=\"https:\/\/vibrasom.ind.br\/blog\/perda-auditiva-mista\/#2_Quais_sao_os_principais_sinais_de_alerta\" >2. Quais s\u00e3o os principais sinais de alerta?<\/a><\/li><li class='ez-toc-page-1 ez-toc-heading-level-3'><a class=\"ez-toc-link ez-toc-heading-7\" href=\"https:\/\/vibrasom.ind.br\/blog\/perda-auditiva-mista\/#3_Como_e_feito_o_diagnostico_da_perda_auditiva_mista\" >3. Como \u00e9 feito o diagn\u00f3stico da perda auditiva mista?<\/a><\/li><li class='ez-toc-page-1 ez-toc-heading-level-3'><a class=\"ez-toc-link ez-toc-heading-8\" href=\"https:\/\/vibrasom.ind.br\/blog\/perda-auditiva-mista\/#4_Quem_deve_procurar_um_exame_auditivo\" >4. Quem deve procurar um exame auditivo?<\/a><\/li><li class='ez-toc-page-1 ez-toc-heading-level-3'><a class=\"ez-toc-link ez-toc-heading-9\" href=\"https:\/\/vibrasom.ind.br\/blog\/perda-auditiva-mista\/#5_Qual_a_diferenca_entre_perda_auditiva_condutiva_neurossensorial_e_mista\" >5. Qual a diferen\u00e7a entre perda auditiva condutiva, neurossensorial e mista?<\/a><\/li><li class='ez-toc-page-1 ez-toc-heading-level-3'><a class=\"ez-toc-link ez-toc-heading-10\" href=\"https:\/\/vibrasom.ind.br\/blog\/perda-auditiva-mista\/#6_Por_que_o_ambiente_do_exame_e_tao_importante\" >6. Por que o ambiente do exame \u00e9 t\u00e3o importante?<\/a><\/li><li class='ez-toc-page-1 ez-toc-heading-level-3'><a class=\"ez-toc-link ez-toc-heading-11\" href=\"https:\/\/vibrasom.ind.br\/blog\/perda-auditiva-mista\/#7_Como_os_audiometros_da_Vibrasom_ajudam_no_diagnostico\" >7. Como os audi\u00f4metros da Vibrasom ajudam no diagn\u00f3stico?<\/a><\/li><li class='ez-toc-page-1 ez-toc-heading-level-3'><a class=\"ez-toc-link ez-toc-heading-12\" href=\"https:\/\/vibrasom.ind.br\/blog\/perda-auditiva-mista\/#8_E_mesmo_necessario_calibrar_os_audiometros\" >8. \u00c9 mesmo necess\u00e1rio calibrar os audi\u00f4metros?<\/a><\/li><li class='ez-toc-page-1 ez-toc-heading-level-3'><a class=\"ez-toc-link ez-toc-heading-13\" href=\"https:\/\/vibrasom.ind.br\/blog\/perda-auditiva-mista\/#9_De_que_forma_o_software_de_controle_audiometrico_auxilia_os_profissionais\" >9. De que forma o software de controle audiom\u00e9trico auxilia os profissionais?<\/a><\/li><li class='ez-toc-page-1 ez-toc-heading-level-3'><a class=\"ez-toc-link ez-toc-heading-14\" href=\"https:\/\/vibrasom.ind.br\/blog\/perda-auditiva-mista\/#10_A_perda_auditiva_mista_tem_tratamento\" >10. A perda auditiva mista tem tratamento?<\/a><\/li><\/ul><\/li><li class='ez-toc-page-1 ez-toc-heading-level-2'><a class=\"ez-toc-link ez-toc-heading-15\" href=\"https:\/\/vibrasom.ind.br\/blog\/perda-auditiva-mista\/#Invista_em_tecnologia_para_diagnosticos_precisos_da_perda_auditiva_mista\" >Invista em tecnologia para diagn\u00f3sticos precisos da perda auditiva mista<\/a><ul class='ez-toc-list-level-3' ><li class='ez-toc-heading-level-3'><a class=\"ez-toc-link ez-toc-heading-16\" href=\"https:\/\/vibrasom.ind.br\/blog\/perda-auditiva-mista\/#VIBRASOM_TECNOLOGIA_ACUSTICA\" >VIBRASOM TECNOLOGIA AC\u00daSTICA<\/a><\/li><\/ul><\/li><\/ul><\/nav><\/div>\n<h2 class=\"wp-block-heading\"><span class=\"ez-toc-section\" id=\"O_que_e_perda_auditiva_mista\"><\/span><strong>O que \u00e9 perda auditiva mista?<\/strong><span class=\"ez-toc-section-end\"><\/span><\/h2>\n\n\n\n<p>A perda auditiva mista ocorre quando duas altera\u00e7\u00f5es diferentes na audi\u00e7\u00e3o aparecem ao mesmo tempo:<\/p>\n\n\n\n<ul class=\"wp-block-list\">\n<li><strong>Dificuldades na condu\u00e7\u00e3o do som:<\/strong> Quando o som n\u00e3o consegue passar normalmente pelo ouvido externo ou m\u00e9dio;<\/li>\n\n\n\n<li><strong>Altera\u00e7\u00f5es neurossensoriais:<\/strong> Quando o ouvido interno ou o nervo auditivo t\u00eam dificuldade para interpretar os sons corretamente.<\/li>\n<\/ul>\n\n\n\n<p>Essa combina\u00e7\u00e3o pode dificultar a compreens\u00e3o de palavras, especialmente em lugares com muito barulho, e causar desconfortos no dia a dia, como zumbidos ou a sensa\u00e7\u00e3o de ouvido \u201ccheio\u201d ou tampado.<\/p>\n\n\n\n<h3 class=\"wp-block-heading\"><span class=\"ez-toc-section\" id=\"Perda_auditiva_mista_Saiba_reconhecer_os_sinais\"><\/span><strong>Perda auditiva mista: Saiba reconhecer os sinais<\/strong><span class=\"ez-toc-section-end\"><\/span><\/h3>\n\n\n\n<p>Embora somente exames audiol\u00f3gicos possam confirmar a <strong>perda auditiva mista<\/strong>, alguns sinais chamam aten\u00e7\u00e3o e n\u00e3o devem ser ignorados:<\/p>\n\n\n\n<ul class=\"wp-block-list\">\n<li>Dificuldade para acompanhar conversas em ambientes barulhentos;<\/li>\n\n\n\n<li>Sensa\u00e7\u00e3o de ouvido \u201ccheio\u201d ou tampado;<\/li>\n\n\n\n<li>Zumbidos frequentes;<\/li>\n\n\n\n<li>Necessidade de aumentar o volume da TV, r\u00e1dio ou celular;<\/li>\n\n\n\n<li>Dificuldade para reconhecer palavras ou sons mais agudos.<\/li>\n<\/ul>\n\n\n\n<p>Se voc\u00ea percebe algum desses sinais no dia a dia, \u00e9 importante procurar um profissional de audiologia. Com equipamentos precisos, ele poder\u00e1 avaliar corretamente sua audi\u00e7\u00e3o e indicar o melhor caminho para cuidar dela.<\/p>\n\n\n\n<p><strong>Leia tamb\u00e9m:<\/strong><\/p>\n\n\n\n<ul class=\"wp-block-list\">\n<li><a href=\"https:\/\/vibrasom.ind.br\/blog\/dpa-em-foco\/\"><strong>DPA em foco: A efici\u00eancia do AVS-800 no diagn\u00f3stico auditivo<\/strong><\/a><\/li>\n\n\n\n<li><a href=\"https:\/\/vibrasom.ind.br\/blog\/som-ruim-nos-estudios\/\"><strong>Som ruim nos est\u00fadios? Descubra como tratar o ambiente<\/strong><\/a><\/li>\n\n\n\n<li><a href=\"https:\/\/vibrasom.ind.br\/blog\/alzheimer\/\"><strong>Alzheimer: Por que problemas auditivos n\u00e3o devem ser ignorados?<\/strong><\/a><\/li>\n\n\n\n<li><a href=\"https:\/\/vibrasom.ind.br\/blog\/vantagens-das-portas-acusticas\/\"><strong>Vantagens das portas ac\u00fasticas para quem mora em \u00e1reas barulhentas<\/strong><\/a><\/li>\n\n\n\n<li><a href=\"https:\/\/vibrasom.ind.br\/blog\/produtos-inovadores-para-controle-de-ruido\/\"><strong>J\u00e1 ouviu falar em produtos inovadores para controle de ru\u00eddo?<\/strong><\/a><\/li>\n<\/ul>\n\n\n\n<h2 class=\"wp-block-heading\"><span class=\"ez-toc-section\" id=\"Equipamentos_que_facilitam_a_identificacao_da_perda_auditiva_mista\"><\/span><strong>Equipamentos que facilitam a identifica\u00e7\u00e3o da perda auditiva mista<\/strong><span class=\"ez-toc-section-end\"><\/span><\/h2>\n\n\n\n<p>A Vibrasom Tecnologia Ac\u00fastica disponibiliza solu\u00e7\u00f5es completas para que os profissionais de audiologia realizem exames precisos e confi\u00e1veis, essenciais para identificar a perda auditiva mista<strong>:<\/strong><\/p>\n\n\n\n<ul class=\"wp-block-list\">\n<li><strong>Audi\u00f4metro AVS-500<\/strong>: Indicado para exames completos, oferecendo seguran\u00e7a e alta precis\u00e3o;<\/li>\n\n\n\n<li><strong>Audi\u00f4metro AVS-800<\/strong>: Equipamento avan\u00e7ado, com recursos extras para testes variados e detalhados<strong>;<\/strong><\/li>\n\n\n\n<li><strong>Cabines audiom\u00e9tricas<\/strong>: Proporcionam um ambiente silencioso e controlado, garantindo resultados confi\u00e1veis;<\/li>\n\n\n\n<li><strong>Calibra\u00e7\u00e3o de audi\u00f4metros<\/strong>: Manuten\u00e7\u00e3o peri\u00f3dica que assegura a precis\u00e3o constante dos equipamentos;<\/li>\n\n\n\n<li><strong>Software de controle audiom\u00e9trico<\/strong>: Facilita o registro, a an\u00e1lise e o acompanhamento dos exames ao longo do tempo.<\/li>\n<\/ul>\n\n\n\n<p>Com essas ferramentas, os audiologistas conseguem diagnosticar a perda auditiva mista com seguran\u00e7a, planejar tratamentos personalizados e oferecer um atendimento diferenciado aos pacientes.<\/p>\n\n\n\n<h2 class=\"wp-block-heading\"><span class=\"ez-toc-section\" id=\"10_principais_questoes_sobre_perda_auditiva_mista\"><\/span><strong>10 principais quest\u00f5es sobre perda auditiva mista<\/strong><span class=\"ez-toc-section-end\"><\/span><\/h2>\n\n\n\n<p>Se voc\u00ea suspeita de altera\u00e7\u00f5es na audi\u00e7\u00e3o, \u00e9 normal ter d\u00favidas sobre a perda auditiva mista<strong>.<\/strong> Para ajudar, reunimos as 10 perguntas mais frequentes sobre o tema, explicando sinais, diagn\u00f3stico e como os profissionais \u00e1rea de audiologia usam equipamentos da Vibrasom para garantir exames precisos. Confira!<\/p>\n\n\n\n<h3 class=\"wp-block-heading\"><span class=\"ez-toc-section\" id=\"1_O_que_e_a_perda_auditiva_mista\"><\/span><strong>1. O que \u00e9 a perda auditiva mista?<\/strong><span class=\"ez-toc-section-end\"><\/span><\/h3>\n\n\n\n<p><br>A perda auditiva mista ocorre quando existem dois tipos de altera\u00e7\u00f5es na audi\u00e7\u00e3o ao mesmo tempo: dificuldades na condu\u00e7\u00e3o do som pelo ouvido externo ou m\u00e9dio e altera\u00e7\u00f5es na percep\u00e7\u00e3o dos sons pelo ouvido interno ou nervo auditivo.<\/p>\n\n\n\n<h3 class=\"wp-block-heading\"><span class=\"ez-toc-section\" id=\"2_Quais_sao_os_principais_sinais_de_alerta\"><\/span><strong>2. Quais s\u00e3o os principais sinais de alerta?<\/strong><span class=\"ez-toc-section-end\"><\/span><\/h3>\n\n\n\n<p><br>Alguns sintomas que podem indicar perda auditiva mista incluem dificuldade para ouvir conversas, zumbidos constantes, sensa\u00e7\u00e3o de ouvido tampado e dificuldade em perceber sons mais agudos.<\/p>\n\n\n\n<h3 class=\"wp-block-heading\"><span class=\"ez-toc-section\" id=\"3_Como_e_feito_o_diagnostico_da_perda_auditiva_mista\"><\/span><strong>3. Como \u00e9 feito o diagn\u00f3stico da perda auditiva mista?<\/strong><span class=\"ez-toc-section-end\"><\/span><\/h3>\n\n\n\n<p><br>O diagn\u00f3stico \u00e9 realizado por meio de exames audiom\u00e9tricos com equipamentos de alta precis\u00e3o, como os audi\u00f4metros AVS-500 e AVS-800, em cabines audiom\u00e9tricas que eliminam ru\u00eddos externos e garantem resultados confi\u00e1veis.<\/p>\n\n\n\n<h3 class=\"wp-block-heading\"><span class=\"ez-toc-section\" id=\"4_Quem_deve_procurar_um_exame_auditivo\"><\/span><strong>4. Quem deve procurar um exame auditivo?<\/strong><span class=\"ez-toc-section-end\"><\/span><\/h3>\n\n\n\n<p><br>Qualquer pessoa que perceba altera\u00e7\u00f5es na audi\u00e7\u00e3o, dificuldade para ouvir ou sinais de perda auditiva mista deve buscar avalia\u00e7\u00e3o com um profissional de audiologia.<\/p>\n\n\n\n<h3 class=\"wp-block-heading\"><span class=\"ez-toc-section\" id=\"5_Qual_a_diferenca_entre_perda_auditiva_condutiva_neurossensorial_e_mista\"><\/span><strong>5. Qual a diferen\u00e7a entre perda auditiva condutiva, neurossensorial e mista?<\/strong><span class=\"ez-toc-section-end\"><\/span><\/h3>\n\n\n\n<ul class=\"wp-block-list\">\n<li><strong>Condutiva:<\/strong> problemas na passagem do som at\u00e9 o ouvido interno;<\/li>\n\n\n\n<li><strong>Neurossensorial:<\/strong> altera\u00e7\u00f5es no ouvido interno ou nervo auditivo;<\/li>\n\n\n\n<li><strong>Mista:<\/strong> combina\u00e7\u00e3o dos dois tipos anteriores.<\/li>\n<\/ul>\n\n\n\n<h3 class=\"wp-block-heading\"><span class=\"ez-toc-section\" id=\"6_Por_que_o_ambiente_do_exame_e_tao_importante\"><\/span><strong>6. Por que o ambiente do exame \u00e9 t\u00e3o importante?<\/strong><span class=\"ez-toc-section-end\"><\/span><\/h3>\n\n\n\n<p><br>O exame deve ser realizado em cabines audiom\u00e9tricas, que isolam os ru\u00eddos externos e garantem resultados mais precisos e confi\u00e1veis.<\/p>\n\n\n\n<h3 class=\"wp-block-heading\"><span class=\"ez-toc-section\" id=\"7_Como_os_audiometros_da_Vibrasom_ajudam_no_diagnostico\"><\/span><strong>7. Como os audi\u00f4metros da Vibrasom ajudam no diagn\u00f3stico?<\/strong><span class=\"ez-toc-section-end\"><\/span><\/h3>\n\n\n\n<p><br>Os audi\u00f4metros AVS-500 e AVS-800 oferecem medi\u00e7\u00f5es precisas, permitindo que profissionais identifiquem altera\u00e7\u00f5es condutivas e neurossensoriais com seguran\u00e7a.<\/p>\n\n\n\n<h3 class=\"wp-block-heading\"><span class=\"ez-toc-section\" id=\"8_E_mesmo_necessario_calibrar_os_audiometros\"><\/span><strong>8. \u00c9 mesmo necess\u00e1rio calibrar os audi\u00f4metros?<\/strong><span class=\"ez-toc-section-end\"><\/span><\/h3>\n\n\n\n<p><br>Sim. A calibra\u00e7\u00e3o mant\u00e9m os equipamentos dentro dos padr\u00f5es de qualidade e garante que os resultados dos exames sejam confi\u00e1veis.<\/p>\n\n\n\n<h3 class=\"wp-block-heading\"><span class=\"ez-toc-section\" id=\"9_De_que_forma_o_software_de_controle_audiometrico_auxilia_os_profissionais\"><\/span><strong>9. De que forma o software de controle audiom\u00e9trico auxilia os profissionais?<\/strong><span class=\"ez-toc-section-end\"><\/span><\/h3>\n\n\n\n<p><br>O software registra os exames, organiza os dados e permite acompanhar a evolu\u00e7\u00e3o auditiva do paciente ao longo do tempo, agilizando o trabalho do audiologista.<\/p>\n\n\n\n<h3 class=\"wp-block-heading\"><span class=\"ez-toc-section\" id=\"10_A_perda_auditiva_mista_tem_tratamento\"><\/span><strong>10. A perda auditiva mista tem tratamento?<\/strong><span class=\"ez-toc-section-end\"><\/span><\/h3>\n\n\n\n<p><br>Sim. Com um diagn\u00f3stico correto, \u00e9 poss\u00edvel indicar o tratamento adequado, que pode incluir aparelhos auditivos ou outras interven\u00e7\u00f5es m\u00e9dicas, dependendo do caso.<\/p>\n\n\n\n<h2 class=\"wp-block-heading\"><span class=\"ez-toc-section\" id=\"Invista_em_tecnologia_para_diagnosticos_precisos_da_perda_auditiva_mista\"><\/span><strong>Invista em tecnologia para diagn\u00f3sticos precisos da perda auditiva mista<\/strong><span class=\"ez-toc-section-end\"><\/span><\/h2>\n\n\n\n<p>Contar com equipamentos de alta tecnologia faz toda a diferen\u00e7a no diagn\u00f3stico e no acompanhamento da perda auditiva mista.&nbsp;<\/p>\n\n\n\n<p>Os produtos e servi\u00e7os da Vibrasom foram desenvolvidos para oferecer precis\u00e3o, seguran\u00e7a e confiabilidade, permitindo que os profissionais de audiologia realizem exames completos e garantam um atendimento de excel\u00eancia aos pacientes.<\/p>\n\n\n\n<p>Com audi\u00f4metros como o AVS-500 e o AVS-800, cabines audiom\u00e9tricas, calibra\u00e7\u00e3o de equipamentos e software de controle audiom\u00e9trico, sua cl\u00ednica conta com ferramentas que tornam o diagn\u00f3stico mais eficiente e seguro, al\u00e9m de facilitar o acompanhamento da evolu\u00e7\u00e3o auditiva de cada paciente.<\/p>\n\n\n\n<p><strong>Garanta tecnologia de ponta para sua cl\u00ednica e ofere\u00e7a o melhor cuidado auditivo!<\/strong><\/p>\n\n\n\n<p>A equipe da Vibrasom est\u00e1 pronta para ajudar sua cl\u00ednica a escolher os melhores equipamentos e servi\u00e7os, oferecendo suporte especializado e garantindo que seus pacientes recebam diagn\u00f3sticos precisos e um cuidado auditivo de qualidade.<\/p>\n\n\n\n<p><a href=\"https:\/\/vibrasom.ind.br\/produtos-audiologia\/\"><strong>[Conhe\u00e7a nossos produtos]<\/strong><\/a><\/p>\n\n\n\n<h3 class=\"wp-block-heading\"><span class=\"ez-toc-section\" id=\"VIBRASOM_TECNOLOGIA_ACUSTICA\"><\/span><strong>VIBRASOM TECNOLOGIA AC\u00daSTICA<\/strong><span class=\"ez-toc-section-end\"><\/span><\/h3>\n\n\n\n<p>11 3506 &#8211; 5087<\/p>\n\n\n\n<p>11 9 9967 6973 &#8211; Ac\u00fastica<\/p>\n\n\n\n<p>11 9 7107 4218 &#8211; Audiologia<\/p>\n\n\n\n<p>E-mail: <a href=\"mailto:vibrasom@vibrasom.ind.br\">vibrasom@vibrasom.ind.b<\/a>r<\/p>\n\n\n\n<p><strong>Siga nosso Instagram!<\/strong><\/p>\n\n\n\n<p><a href=\"https:\/\/www.instagram.com\/vibrasom\/\" target=\"_blank\" rel=\"noopener\"><strong>Vibrasom<\/strong><\/a><\/p>\n","protected":false},"excerpt":{"rendered":"<p>A perda auditiva mista \u00e9 caracterizada pela presen\u00e7a simult\u00e2nea de problemas na condu\u00e7\u00e3o do som e na percep\u00e7\u00e3o auditiva do ouvido interno, o que pode tornar o diagn\u00f3stico mais desafiador. Para quem percebe altera\u00e7\u00f5es na audi\u00e7\u00e3o, identificar os sinais precocemente e contar com equipamentos precisos \u00e9 fundamental. A Vibrasom Tecnologia Ac\u00fastica oferece solu\u00e7\u00f5es completas que&hellip;&nbsp;<a href=\"https:\/\/vibrasom.ind.br\/blog\/perda-auditiva-mista\/\" rel=\"bookmark\"><span class=\"screen-reader-text\">Perda auditiva mista: O que \u00e9 e como posso identific\u00e1-la?<\/span><\/a><\/p>\n","protected":false},"author":1,"featured_media":1096,"comment_status":"open","ping_status":"open","sticky":false,"template":"","format":"standard","meta":{"neve_meta_sidebar":"","neve_meta_container":"","neve_meta_enable_content_width":"","neve_meta_content_width":0,"neve_meta_title_alignment":"","neve_meta_author_avatar":"","neve_post_elements_order":"","neve_meta_disable_header":"","neve_meta_disable_footer":"","neve_meta_disable_title":"","footnotes":""},"categories":[136],"tags":[24,23,42,26,297,7],"class_list":["post-1095","post","type-post","status-publish","format-standard","has-post-thumbnail","hentry","category-audiologia","tag-audiologia","tag-audiometria","tag-audiometria-ocupacional","tag-fonoaudiologia","tag-perda-auditiva-mista","tag-vibrasom"],"_links":{"self":[{"href":"https:\/\/vibrasom.ind.br\/blog\/wp-json\/wp\/v2\/posts\/1095","targetHints":{"allow":["GET"]}}],"collection":[{"href":"https:\/\/vibrasom.ind.br\/blog\/wp-json\/wp\/v2\/posts"}],"about":[{"href":"https:\/\/vibrasom.ind.br\/blog\/wp-json\/wp\/v2\/types\/post"}],"author":[{"embeddable":true,"href":"https:\/\/vibrasom.ind.br\/blog\/wp-json\/wp\/v2\/users\/1"}],"replies":[{"embeddable":true,"href":"https:\/\/vibrasom.ind.br\/blog\/wp-json\/wp\/v2\/comments?post=1095"}],"version-history":[{"count":1,"href":"https:\/\/vibrasom.ind.br\/blog\/wp-json\/wp\/v2\/posts\/1095\/revisions"}],"predecessor-version":[{"id":1097,"href":"https:\/\/vibrasom.ind.br\/blog\/wp-json\/wp\/v2\/posts\/1095\/revisions\/1097"}],"wp:featuredmedia":[{"embeddable":true,"href":"https:\/\/vibrasom.ind.br\/blog\/wp-json\/wp\/v2\/media\/1096"}],"wp:attachment":[{"href":"https:\/\/vibrasom.ind.br\/blog\/wp-json\/wp\/v2\/media?parent=1095"}],"wp:term":[{"taxonomy":"category","embeddable":true,"href":"https:\/\/vibrasom.ind.br\/blog\/wp-json\/wp\/v2\/categories?post=1095"},{"taxonomy":"post_tag","embeddable":true,"href":"https:\/\/vibrasom.ind.br\/blog\/wp-json\/wp\/v2\/tags?post=1095"}],"curies":[{"name":"wp","href":"https:\/\/api.w.org\/{rel}","templated":true}]}}