{"id":1139,"date":"2025-12-04T16:10:38","date_gmt":"2025-12-04T19:10:38","guid":{"rendered":"https:\/\/vibrasom.ind.br\/blog\/?p=1139"},"modified":"2025-12-09T16:24:25","modified_gmt":"2025-12-09T19:24:25","slug":"conforto-acustico-ajuda-pessoas-com-autismo","status":"publish","type":"post","link":"https:\/\/vibrasom.ind.br\/blog\/conforto-acustico-ajuda-pessoas-com-autismo\/","title":{"rendered":"Como o conforto ac\u00fastico ajuda pessoas com autismo?"},"content":{"rendered":"\n<p>O autismo envolve muitas formas diferentes de perceber o mundo, e o som costuma ter um papel importante nisso. Ru\u00eddos que para a maioria passam quase despercebidos, como o tr\u00e2nsito constante, uma porta que se fecha r\u00e1pido ou o eco de um ambiente pouco mobiliado, podem ser bastante desconfort\u00e1veis para quem tem maior sensibilidade auditiva.<\/p>\n\n\n\n<p>Quando o ambiente recebe um cuidado melhor na parte ac\u00fastica, essa carga sonora diminui. O espa\u00e7o fica mais est\u00e1vel, menos cansativo, e isso ajuda a pessoa autista a se sentir mais tranquila e confort\u00e1vel no dia a dia.<\/p>\n\n\n\n<p>Quer saber como o som influencia pessoas com autismo e de que forma o conforto ac\u00fastico e as solu\u00e7\u00f5es da Vibrasom podem fazer diferen\u00e7a? Este conte\u00fado foi pensado exatamente para isso.&nbsp;<\/p>\n\n\n\n<p>Boa leitura!<\/p>\n\n\n\n<div id=\"ez-toc-container\" class=\"ez-toc-v2_0_81 counter-hierarchy ez-toc-counter ez-toc-grey ez-toc-container-direction\">\n<div class=\"ez-toc-title-container\">\n<p class=\"ez-toc-title\" style=\"cursor:inherit\">\u00cdndice<\/p>\n<span class=\"ez-toc-title-toggle\"><a href=\"#\" class=\"ez-toc-pull-right ez-toc-btn ez-toc-btn-xs ez-toc-btn-default ez-toc-toggle\" aria-label=\"Alternar tabela de conte\u00fado\"><span class=\"ez-toc-js-icon-con\"><span class=\"\"><span class=\"eztoc-hide\" style=\"display:none;\">Toggle<\/span><span class=\"ez-toc-icon-toggle-span\"><svg style=\"fill: #999;color:#999\" xmlns=\"http:\/\/www.w3.org\/2000\/svg\" class=\"list-377408\" width=\"20px\" height=\"20px\" viewBox=\"0 0 24 24\" fill=\"none\"><path d=\"M6 6H4v2h2V6zm14 0H8v2h12V6zM4 11h2v2H4v-2zm16 0H8v2h12v-2zM4 16h2v2H4v-2zm16 0H8v2h12v-2z\" fill=\"currentColor\"><\/path><\/svg><svg style=\"fill: #999;color:#999\" class=\"arrow-unsorted-368013\" xmlns=\"http:\/\/www.w3.org\/2000\/svg\" width=\"10px\" height=\"10px\" viewBox=\"0 0 24 24\" version=\"1.2\" baseProfile=\"tiny\"><path d=\"M18.2 9.3l-6.2-6.3-6.2 6.3c-.2.2-.3.4-.3.7s.1.5.3.7c.2.2.4.3.7.3h11c.3 0 .5-.1.7-.3.2-.2.3-.5.3-.7s-.1-.5-.3-.7zM5.8 14.7l6.2 6.3 6.2-6.3c.2-.2.3-.5.3-.7s-.1-.5-.3-.7c-.2-.2-.4-.3-.7-.3h-11c-.3 0-.5.1-.7.3-.2.2-.3.5-.3.7s.1.5.3.7z\"\/><\/svg><\/span><\/span><\/span><\/a><\/span><\/div>\n<nav><ul class='ez-toc-list ez-toc-list-level-1 ' ><li class='ez-toc-page-1 ez-toc-heading-level-2'><a class=\"ez-toc-link ez-toc-heading-1\" href=\"https:\/\/vibrasom.ind.br\/blog\/conforto-acustico-ajuda-pessoas-com-autismo\/#Autismo_e_barulho_Por_que_alguns_sons_incomodam_tanto\" >Autismo e barulho: Por que alguns sons incomodam tanto?<\/a><\/li><li class='ez-toc-page-1 ez-toc-heading-level-2'><a class=\"ez-toc-link ez-toc-heading-2\" href=\"https:\/\/vibrasom.ind.br\/blog\/conforto-acustico-ajuda-pessoas-com-autismo\/#Ambientes_mais_tranquilos_comecam_pelo_som\" >Ambientes mais tranquilos come\u00e7am pelo som!<\/a><\/li><li class='ez-toc-page-1 ez-toc-heading-level-2'><a class=\"ez-toc-link ez-toc-heading-3\" href=\"https:\/\/vibrasom.ind.br\/blog\/conforto-acustico-ajuda-pessoas-com-autismo\/#Conforto_acustico_e_autismo_Como_transformar_ambientes\" >Conforto ac\u00fastico e autismo: Como transformar ambientes?<\/a><ul class='ez-toc-list-level-3' ><li class='ez-toc-heading-level-3'><a class=\"ez-toc-link ez-toc-heading-4\" href=\"https:\/\/vibrasom.ind.br\/blog\/conforto-acustico-ajuda-pessoas-com-autismo\/#Reducao_do_eco_para_um_ambiente_mais_calmo\" >Redu\u00e7\u00e3o do eco para um ambiente mais calmo<\/a><\/li><li class='ez-toc-page-1 ez-toc-heading-level-3'><a class=\"ez-toc-link ez-toc-heading-5\" href=\"https:\/\/vibrasom.ind.br\/blog\/conforto-acustico-ajuda-pessoas-com-autismo\/#Menos_ruidos_externos_entrando_no_espaco\" >Menos ru\u00eddos externos entrando no espa\u00e7o<\/a><\/li><li class='ez-toc-page-1 ez-toc-heading-level-3'><a class=\"ez-toc-link ez-toc-heading-6\" href=\"https:\/\/vibrasom.ind.br\/blog\/conforto-acustico-ajuda-pessoas-com-autismo\/#Locais_ajustados_para_atividades_e_terapias\" >Locais ajustados para atividades e terapias<\/a><\/li><li class='ez-toc-page-1 ez-toc-heading-level-3'><a class=\"ez-toc-link ez-toc-heading-7\" href=\"https:\/\/vibrasom.ind.br\/blog\/conforto-acustico-ajuda-pessoas-com-autismo\/#Mais_conforto_emocional_e_sensacao_de_seguranca\" >Mais conforto emocional e sensa\u00e7\u00e3o de seguran\u00e7a<\/a><\/li><\/ul><\/li><li class='ez-toc-page-1 ez-toc-heading-level-2'><a class=\"ez-toc-link ez-toc-heading-8\" href=\"https:\/\/vibrasom.ind.br\/blog\/conforto-acustico-ajuda-pessoas-com-autismo\/#Onde_aplicar_o_tratamento_acustico_para_pessoas_com_autismo\" >Onde aplicar o tratamento ac\u00fastico para pessoas com autismo?<\/a><ul class='ez-toc-list-level-3' ><li class='ez-toc-heading-level-3'><a class=\"ez-toc-link ez-toc-heading-9\" href=\"https:\/\/vibrasom.ind.br\/blog\/conforto-acustico-ajuda-pessoas-com-autismo\/#Confira_os_principais_lugares_para_aplicar_o_cuidado_com_o_som\" >Confira os principais lugares para aplicar o cuidado com o som:<\/a><ul class='ez-toc-list-level-4' ><li class='ez-toc-heading-level-4'><a class=\"ez-toc-link ez-toc-heading-10\" href=\"https:\/\/vibrasom.ind.br\/blog\/conforto-acustico-ajuda-pessoas-com-autismo\/#Em_casa\" >Em casa<\/a><\/li><li class='ez-toc-page-1 ez-toc-heading-level-4'><a class=\"ez-toc-link ez-toc-heading-11\" href=\"https:\/\/vibrasom.ind.br\/blog\/conforto-acustico-ajuda-pessoas-com-autismo\/#Em_escolas\" >Em escolas<\/a><\/li><li class='ez-toc-page-1 ez-toc-heading-level-4'><a class=\"ez-toc-link ez-toc-heading-12\" href=\"https:\/\/vibrasom.ind.br\/blog\/conforto-acustico-ajuda-pessoas-com-autismo\/#Em_clinicas_e_consultorios\" >Em cl\u00ednicas e consult\u00f3rios<\/a><\/li><\/ul><\/li><\/ul><\/li><li class='ez-toc-page-1 ez-toc-heading-level-2'><a class=\"ez-toc-link ez-toc-heading-13\" href=\"https:\/\/vibrasom.ind.br\/blog\/conforto-acustico-ajuda-pessoas-com-autismo\/#Quais_recursos_da_Vibrasom_Tecnologia_Acustica_reduzem_a_sobrecarga_sensorial_no_autismo\" >Quais recursos da Vibrasom Tecnologia Ac\u00fastica reduzem a sobrecarga sensorial no autismo?<\/a><\/li><li class='ez-toc-page-1 ez-toc-heading-level-2'><a class=\"ez-toc-link ez-toc-heading-14\" href=\"https:\/\/vibrasom.ind.br\/blog\/conforto-acustico-ajuda-pessoas-com-autismo\/#Crie_ambientes_mais_tranquilos_e_acolhedores_para_pessoas_com_autismo\" >Crie ambientes mais tranquilos e acolhedores para pessoas com autismo<\/a><ul class='ez-toc-list-level-3' ><li class='ez-toc-heading-level-3'><a class=\"ez-toc-link ez-toc-heading-15\" href=\"https:\/\/vibrasom.ind.br\/blog\/conforto-acustico-ajuda-pessoas-com-autismo\/#Vibrasom_Solucoes_que_promovem_conforto_acustico_e_cuidado\" >Vibrasom: Solu\u00e7\u00f5es que promovem conforto ac\u00fastico e cuidado!<\/a><\/li><\/ul><\/li><\/ul><\/nav><\/div>\n<h2 class=\"wp-block-heading\"><span class=\"ez-toc-section\" id=\"Autismo_e_barulho_Por_que_alguns_sons_incomodam_tanto\"><\/span><strong>Autismo e barulho: Por que alguns sons incomodam tanto?<\/strong><span class=\"ez-toc-section-end\"><\/span><\/h2>\n\n\n\n<p>Pessoas com autismo muitas vezes percebem os sons de um jeito mais intenso.&nbsp;<\/p>\n\n\n\n<p>Ru\u00eddos que passam despercebidos para a maioria podem chegar como algo forte, confuso ou dif\u00edcil de filtrar. Por isso, lugares comuns da rotina, como escolas, consult\u00f3rios ou at\u00e9 a sala de casa, podem se tornar cansativos quando h\u00e1 muito barulho, eco ou movimento sonoro ao redor.<\/p>\n\n\n\n<p>O excesso de ru\u00eddo n\u00e3o traz apenas desconforto. Ele acaba mexendo com v\u00e1rios aspectos da rotina. Isso pode resultar em:<\/p>\n\n\n\n<ul class=\"wp-block-list\">\n<li>Dificuldade para manter o foco;<\/li>\n\n\n\n<li>Pensamentos que se confundem com tantos est\u00edmulos ao redor;<\/li>\n\n\n\n<li>Comunica\u00e7\u00e3o que n\u00e3o flui com naturalidade;<\/li>\n\n\n\n<li>Noites mal dormidas;<\/li>\n\n\n\n<li>Maior irrita\u00e7\u00e3o e desafios para equilibrar as emo\u00e7\u00f5es.<\/li>\n<\/ul>\n\n\n\n<h2 class=\"wp-block-heading\"><span class=\"ez-toc-section\" id=\"Ambientes_mais_tranquilos_comecam_pelo_som\"><\/span><strong>Ambientes mais tranquilos come\u00e7am pelo som!<\/strong><span class=\"ez-toc-section-end\"><\/span><\/h2>\n\n\n\n<p>Quando o som do ambiente \u00e9 tratado com cuidado, o espa\u00e7o se torna mais leve e agrad\u00e1vel. Isso faz muita diferen\u00e7a para pessoas com autismo, que passam a viver esses lugares com mais calma, conforto e bem-estar.<\/p>\n\n\n\n<h2 class=\"wp-block-heading\"><span class=\"ez-toc-section\" id=\"Conforto_acustico_e_autismo_Como_transformar_ambientes\"><\/span><strong>Conforto ac\u00fastico e autismo: Como transformar ambientes?<\/strong><span class=\"ez-toc-section-end\"><\/span><\/h2>\n\n\n\n<p>O autismo pode tornar certos sons muito mais marcantes do que imaginamos, e isso influencia diretamente como a pessoa se sente em cada ambiente. Ajustar a ac\u00fastica \u00e9 uma forma de deixar esses espa\u00e7os mais tranquilos e agrad\u00e1veis para quem \u00e9 mais sens\u00edvel ao barulho.<\/p>\n\n\n\n<p>Para seguir na dire\u00e7\u00e3o certa, confira alguns dos aspectos que mais ajudam na constru\u00e7\u00e3o desse conforto:<\/p>\n\n\n\n<ul class=\"wp-block-list\">\n<li>Redu\u00e7\u00e3o do eco para um ambiente mais calmo;<\/li>\n\n\n\n<li>Menos ru\u00eddos externos entrando no espa\u00e7o;<\/li>\n\n\n\n<li>Locais ajustados para atividades e terapias;<\/li>\n\n\n\n<li>Mais conforto emocional e sensa\u00e7\u00e3o de seguran\u00e7a.<\/li>\n<\/ul>\n\n\n\n<h3 class=\"wp-block-heading\"><span class=\"ez-toc-section\" id=\"Reducao_do_eco_para_um_ambiente_mais_calmo\"><\/span><strong>Redu\u00e7\u00e3o do eco para um ambiente mais calmo<\/strong><span class=\"ez-toc-section-end\"><\/span><\/h3>\n\n\n\n<p>Quando o ambiente tem muitas superf\u00edcies r\u00edgidas, o som se espalha e retorna em forma de eco. Para uma pessoa autista, esses retornos sonoros podem soar como v\u00e1rios est\u00edmulos ao mesmo tempo, o que dificulta a concentra\u00e7\u00e3o e o bem-estar.<br>Ao usar op\u00e7\u00f5es como <a href=\"https:\/\/vibrasom.ind.br\/painel-acustico-madeira-sonique-wood\/\">pain\u00e9is ac\u00fasticos<\/a>, <a href=\"https:\/\/vibrasom.ind.br\/nuvem-acustica\/\">nuvens ac\u00fasticas<\/a> ou <a href=\"https:\/\/vibrasom.ind.br\/baffles\/\">baffles suspensos<\/a>, o som passa a ser absorvido de maneira mais equilibrada, criando uma atmosfera muito mais tranquila e f\u00e1cil de processar.<\/p>\n\n\n\n<h3 class=\"wp-block-heading\"><span class=\"ez-toc-section\" id=\"Menos_ruidos_externos_entrando_no_espaco\"><\/span><strong>Menos ru\u00eddos externos entrando no espa\u00e7o<\/strong><span class=\"ez-toc-section-end\"><\/span><\/h3>\n\n\n\n<p>Barulhos que v\u00eam da rua, de outras salas ou do corredor podem atrapalhar bastante, principalmente em ambientes onde a pessoa autista precisa se sentir segura e concentrada. Isso vale para quartos, salas de aula ou consult\u00f3rios.<\/p>\n\n\n\n<p><br>Com solu\u00e7\u00f5es como <a href=\"https:\/\/vibrasom.ind.br\/portas-acusticas\/\">portas ac\u00fasticas<\/a>, <a href=\"https:\/\/vibrasom.ind.br\/barreira-acustica\/\">barreiras<\/a> e <a href=\"https:\/\/vibrasom.ind.br\/veneziana-acustica\/\">venezianas ac\u00fasticas<\/a>, \u00e9 poss\u00edvel bloquear boa parte desses sons indesejados e criar um espa\u00e7o muito mais calmo para estudar, descansar ou realizar atendimentos.<\/p>\n\n\n\n<h3 class=\"wp-block-heading\"><span class=\"ez-toc-section\" id=\"Locais_ajustados_para_atividades_e_terapias\"><\/span><strong>Locais ajustados para atividades e terapias<\/strong><span class=\"ez-toc-section-end\"><\/span><\/h3>\n\n\n\n<p>No autismo, alguns sons podem ser intensos demais e gerar desconforto. Por isso, muitas fam\u00edlias e profissionais criam espa\u00e7os pensados para acolher, como cantinhos tranquilos ou salas sensoriais. Esses ambientes precisam reduzir est\u00edmulos que possam sobrecarregar a pessoa.<\/p>\n\n\n\n<p>Elementos como <a href=\"https:\/\/vibrasom.ind.br\/difusor-acustico\/\">difusores<\/a> e corner <a href=\"https:\/\/vibrasom.ind.br\/corner-trap-bass-trap\/\">trap\/bass trap<\/a> ajudam a organizar o som, especialmente onde h\u00e1 m\u00fasica, eletr\u00f4nicos ou brinquedos barulhentos, tornando o espa\u00e7o mais calmo e favor\u00e1vel para terapias e atividades di\u00e1rias.<\/p>\n\n\n\n<h3 class=\"wp-block-heading\"><span class=\"ez-toc-section\" id=\"Mais_conforto_emocional_e_sensacao_de_seguranca\"><\/span><strong>Mais conforto emocional e sensa\u00e7\u00e3o de seguran\u00e7a<\/strong><span class=\"ez-toc-section-end\"><\/span><\/h3>\n\n\n\n<p>Quando o som do ambiente \u00e9 bem cuidado, o estresse causado pelo barulho diminui e a pessoa consegue se organizar melhor emocionalmente. Isso proporciona:<\/p>\n\n\n\n<ul class=\"wp-block-list\">\n<li>Sensa\u00e7\u00e3o de prote\u00e7\u00e3o e acolhimento;<\/li>\n\n\n\n<li>Sons mais previs\u00edveis e f\u00e1ceis de processar;<\/li>\n\n\n\n<li>Redu\u00e7\u00e3o do risco de sobrecarga ou crises sensoriais;<\/li>\n\n\n\n<li>Maior concentra\u00e7\u00e3o em estudos, terapias ou tarefas do dia a dia;<\/li>\n\n\n\n<li>Mais bem-estar e qualidade de vida para todos da fam\u00edlia.<\/li>\n<\/ul>\n\n\n\n<p><strong>Leia tamb\u00e9m:<\/strong><\/p>\n\n\n\n<ul class=\"wp-block-list\">\n<li><a href=\"https:\/\/vibrasom.ind.br\/blog\/densidade-faz-diferenca-na-absorcao-acustica\/\"><strong>Densidade faz diferen\u00e7a na absor\u00e7\u00e3o ac\u00fastica?<\/strong><\/a><\/li>\n\n\n\n<li><a href=\"https:\/\/vibrasom.ind.br\/blog\/tratamento-do-cancer\/\"><strong>Como o tratamento do c\u00e2ncer pode afetar a sa\u00fade auditiva?<\/strong><\/a><\/li>\n\n\n\n<li><a href=\"https:\/\/vibrasom.ind.br\/blog\/perda-auditiva-mista\/\"><strong>Perda auditiva mista: O que \u00e9 e como posso identific\u00e1-la?<\/strong><\/a><\/li>\n\n\n\n<li><a href=\"https:\/\/vibrasom.ind.br\/blog\/revestimentos-acusticos-para-casa-de-campo\/\"><strong>Quais os melhores revestimentos ac\u00fasticos para casa de campo?<\/strong><\/a><\/li>\n\n\n\n<li><a href=\"https:\/\/vibrasom.ind.br\/blog\/pe-direito-alto\/\"><strong>\u00c9 poss\u00edvel ter boa ac\u00fastica em ambientes com p\u00e9-direito alto?<\/strong><\/a><\/li>\n<\/ul>\n\n\n\n<h2 class=\"wp-block-heading\"><span class=\"ez-toc-section\" id=\"Onde_aplicar_o_tratamento_acustico_para_pessoas_com_autismo\"><\/span><strong>Onde aplicar o tratamento ac\u00fastico para pessoas com autismo?<\/strong><span class=\"ez-toc-section-end\"><\/span><\/h2>\n\n\n\n<p>Para pessoas com autismo, como mencionamos anteriormente, o som do ambiente pode influenciar muito no conforto e na concentra\u00e7\u00e3o. Espa\u00e7os bem tratados acusticamente ajudam a reduzir est\u00edmulos excessivos e tornam a rotina mais tranquila.&nbsp;<\/p>\n\n\n\n<h3 class=\"wp-block-heading\"><span class=\"ez-toc-section\" id=\"Confira_os_principais_lugares_para_aplicar_o_cuidado_com_o_som\"><\/span><strong>Confira os principais lugares para aplicar o cuidado com o som:<\/strong><span class=\"ez-toc-section-end\"><\/span><\/h3>\n\n\n\n<h4 class=\"wp-block-heading\"><span class=\"ez-toc-section\" id=\"Em_casa\"><\/span><strong>Em casa<\/strong><span class=\"ez-toc-section-end\"><\/span><\/h4>\n\n\n\n<ul class=\"wp-block-list\">\n<li>Quarto da crian\u00e7a ou adulto autista;<\/li>\n<\/ul>\n\n\n\n<ul class=\"wp-block-list\">\n<li>Sala de estudos;<\/li>\n\n\n\n<li>Espa\u00e7o sensorial;<\/li>\n\n\n\n<li>Home office (para adultos com autismo que trabalham remotamente).<\/li>\n<\/ul>\n\n\n\n<h4 class=\"wp-block-heading\"><span class=\"ez-toc-section\" id=\"Em_escolas\"><\/span><strong>Em escolas<\/strong><span class=\"ez-toc-section-end\"><\/span><\/h4>\n\n\n\n<ul class=\"wp-block-list\">\n<li>Salas de aula;<\/li>\n\n\n\n<li>Salas de recurso \/ ambientes de apoio;<\/li>\n\n\n\n<li>Refeit\u00f3rios (muito barulho e reverbera\u00e7\u00e3o);<\/li>\n\n\n\n<li>Gin\u00e1sios ou \u00e1reas comuns<\/li>\n<\/ul>\n\n\n\n<h4 class=\"wp-block-heading\"><span class=\"ez-toc-section\" id=\"Em_clinicas_e_consultorios\"><\/span><strong>Em cl\u00ednicas e consult\u00f3rios<\/strong><span class=\"ez-toc-section-end\"><\/span><\/h4>\n\n\n\n<ul class=\"wp-block-list\">\n<li>Salas de terapia ocupacional;<\/li>\n\n\n\n<li>Psicologia e fonoaudiologia;<\/li>\n\n\n\n<li>Recep\u00e7\u00e3o e salas de espera.<\/li>\n<\/ul>\n\n\n\n<h2 class=\"wp-block-heading\"><span class=\"ez-toc-section\" id=\"Quais_recursos_da_Vibrasom_Tecnologia_Acustica_reduzem_a_sobrecarga_sensorial_no_autismo\"><\/span><strong>Quais recursos da Vibrasom Tecnologia Ac\u00fastica reduzem a sobrecarga sensorial no autismo?<\/strong><span class=\"ez-toc-section-end\"><\/span><\/h2>\n\n\n\n<p>A Vibrasom Tecnologia Ac\u00fastica oferece solu\u00e7\u00f5es pensadas para reduzir ru\u00eddos, controlar o eco e tornar os ambientes mais equilibrados para pessoas com autismo. Entre os produtos mais utilizados, destacam-se:<\/p>\n\n\n\n<ul class=\"wp-block-list\">\n<li>Pain\u00e9is ac\u00fasticos\u00a0\u00a0<\/li>\n\n\n\n<li>Nuvens ac\u00fasticas ou baffles suspensos;<\/li>\n\n\n\n<li>Portas ac\u00fasticas;<\/li>\n\n\n\n<li>Visores ac\u00fasticos;<\/li>\n\n\n\n<li>Barreiras ac\u00fasticas.<\/li>\n<\/ul>\n\n\n\n<p>Esses recursos n\u00e3o apenas reduzem o estresse causado pelo excesso de som, mas tamb\u00e9m tornam os ambientes mais seguros, acolhedores e confort\u00e1veis para quem est\u00e1 no espectro autista.<\/p>\n\n\n\n<h2 class=\"wp-block-heading\"><span class=\"ez-toc-section\" id=\"Crie_ambientes_mais_tranquilos_e_acolhedores_para_pessoas_com_autismo\"><\/span><strong>Crie ambientes mais tranquilos e acolhedores para pessoas com autismo<\/strong><span class=\"ez-toc-section-end\"><\/span><\/h2>\n\n\n\n<p>O autismo torna muitas pessoas mais sens\u00edveis aos sons, e oferecer conforto ac\u00fastico pode transformar totalmente a experi\u00eancia delas. Um espa\u00e7o silencioso, equilibrado e bem planejado ajuda a reduzir de forma significativa o estresse, aumentar a concentra\u00e7\u00e3o e promover bem-estar.<\/p>\n\n\n\n<p>Se voc\u00ea \u00e9 arquiteto, engenheiro, construtor ou mesmo uma fam\u00edlia que convive com algu\u00e9m no espectro autista, a Vibrasom oferece solu\u00e7\u00f5es pr\u00e1ticas e eficientes para tornar casas, escolas e cl\u00ednicas mais seguras e acolhedoras.&nbsp;<\/p>\n\n\n\n<h3 class=\"wp-block-heading\"><span class=\"ez-toc-section\" id=\"Vibrasom_Solucoes_que_promovem_conforto_acustico_e_cuidado\"><\/span><strong>Vibrasom: Solu\u00e7\u00f5es que promovem conforto ac\u00fastico e cuidado!<\/strong><span class=\"ez-toc-section-end\"><\/span><\/h3>\n\n\n\n<p>Descubra agora mesmo como nossos produtos podem transformar qualquer ambiente em um espa\u00e7o pensado para o conforto e a inclus\u00e3o.<\/p>\n\n\n\n<p><a href=\"https:\/\/vibrasom.ind.br\/contato\/\"><strong>[Clique aqui e fale conosco]<\/strong><\/a><\/p>\n\n\n\n<p><strong>VIBRASOM TECNOLOGIA AC\u00daSTICA<\/strong><\/p>\n\n\n\n<p>11 3506 &#8211; 5087<\/p>\n\n\n\n<p>11 9 9967 6973 &#8211; Ac\u00fastica<\/p>\n\n\n\n<p>11 9 7107 4218 &#8211; Audiologia<\/p>\n\n\n\n<p>E-mail: <a href=\"mailto:vibrasom@vibrasom.ind.br\">vibrasom@vibrasom.ind.b<\/a>r<\/p>\n\n\n\n<p><strong>Siga nosso Instagram!<\/strong><\/p>\n\n\n\n<p><a href=\"https:\/\/www.instagram.com\/vibrasom\/\" target=\"_blank\" rel=\"noopener\"><strong>Vibrasom<\/strong><\/a><\/p>\n","protected":false},"excerpt":{"rendered":"<p>O autismo envolve muitas formas diferentes de perceber o mundo, e o som costuma ter um papel importante nisso. Ru\u00eddos que para a maioria passam quase despercebidos, como o tr\u00e2nsito constante, uma porta que se fecha r\u00e1pido ou o eco de um ambiente pouco mobiliado, podem ser bastante desconfort\u00e1veis para quem tem maior sensibilidade auditiva.&hellip;&nbsp;<a href=\"https:\/\/vibrasom.ind.br\/blog\/conforto-acustico-ajuda-pessoas-com-autismo\/\" rel=\"bookmark\"><span class=\"screen-reader-text\">Como o conforto ac\u00fastico ajuda pessoas com autismo?<\/span><\/a><\/p>\n","protected":false},"author":1,"featured_media":1140,"comment_status":"open","ping_status":"open","sticky":false,"template":"","format":"standard","meta":{"neve_meta_sidebar":"","neve_meta_container":"","neve_meta_enable_content_width":"","neve_meta_content_width":0,"neve_meta_title_alignment":"","neve_meta_author_avatar":"","neve_post_elements_order":"","neve_meta_disable_header":"","neve_meta_disable_footer":"","neve_meta_disable_title":"","footnotes":""},"categories":[4],"tags":[317,360,359,356,357,320,358,303],"class_list":["post-1139","post","type-post","status-publish","format-standard","has-post-thumbnail","hentry","category-acustica","tag-acustica-3","tag-ambientessensoriais","tag-arquiteturainclusiva","tag-autismo","tag-bemestar","tag-confortoacustico","tag-espacosacolhedores","tag-vibrasom-2"],"_links":{"self":[{"href":"https:\/\/vibrasom.ind.br\/blog\/wp-json\/wp\/v2\/posts\/1139","targetHints":{"allow":["GET"]}}],"collection":[{"href":"https:\/\/vibrasom.ind.br\/blog\/wp-json\/wp\/v2\/posts"}],"about":[{"href":"https:\/\/vibrasom.ind.br\/blog\/wp-json\/wp\/v2\/types\/post"}],"author":[{"embeddable":true,"href":"https:\/\/vibrasom.ind.br\/blog\/wp-json\/wp\/v2\/users\/1"}],"replies":[{"embeddable":true,"href":"https:\/\/vibrasom.ind.br\/blog\/wp-json\/wp\/v2\/comments?post=1139"}],"version-history":[{"count":1,"href":"https:\/\/vibrasom.ind.br\/blog\/wp-json\/wp\/v2\/posts\/1139\/revisions"}],"predecessor-version":[{"id":1141,"href":"https:\/\/vibrasom.ind.br\/blog\/wp-json\/wp\/v2\/posts\/1139\/revisions\/1141"}],"wp:featuredmedia":[{"embeddable":true,"href":"https:\/\/vibrasom.ind.br\/blog\/wp-json\/wp\/v2\/media\/1140"}],"wp:attachment":[{"href":"https:\/\/vibrasom.ind.br\/blog\/wp-json\/wp\/v2\/media?parent=1139"}],"wp:term":[{"taxonomy":"category","embeddable":true,"href":"https:\/\/vibrasom.ind.br\/blog\/wp-json\/wp\/v2\/categories?post=1139"},{"taxonomy":"post_tag","embeddable":true,"href":"https:\/\/vibrasom.ind.br\/blog\/wp-json\/wp\/v2\/tags?post=1139"}],"curies":[{"name":"wp","href":"https:\/\/api.w.org\/{rel}","templated":true}]}}