{"id":1326,"date":"2026-01-23T16:56:08","date_gmt":"2026-01-23T19:56:08","guid":{"rendered":"https:\/\/vibrasom.ind.br\/blog\/?p=1326"},"modified":"2026-01-23T16:56:09","modified_gmt":"2026-01-23T19:56:09","slug":"7-doencas-auditivas-que-exigem-cuidado","status":"publish","type":"post","link":"https:\/\/vibrasom.ind.br\/blog\/7-doencas-auditivas-que-exigem-cuidado\/","title":{"rendered":"Fique atento: 7 doen\u00e7as auditivas que exigem cuidado"},"content":{"rendered":"\n<p>As doen\u00e7as auditivas podem comprometer a qualidade de vida de forma significativa, impactando a comunica\u00e7\u00e3o, o equil\u00edbrio e a sa\u00fade cognitiva dos pacientes.&nbsp;<\/p>\n\n\n\n<p>Para os profissionais de <a href=\"https:\/\/vibrasom.ind.br\/produtos-audiologia\/\">audiologia,<\/a> identificar esses problemas precocemente \u00e9 fundamental, assim como contar com equipamentos e servi\u00e7os confi\u00e1veis para diagn\u00f3stico e acompanhamento.<\/p>\n\n\n\n<p>Neste artigo especial, destacamos 7 doen\u00e7as auditivas que mais afetam a audi\u00e7\u00e3o, com informa\u00e7\u00f5es t\u00e9cnicas que auxiliam na pr\u00e1tica cl\u00ednica e na indica\u00e7\u00e3o de solu\u00e7\u00f5es da Vibrasom Audiologia, como cabines audiom\u00e9tricas, audi\u00f4metros e softwares de controle audiom\u00e9trico.<\/p>\n\n\n\n<p>Tenha uma \u00f3tima leitura!<\/p>\n\n\n\n<div id=\"ez-toc-container\" class=\"ez-toc-v2_0_81 counter-hierarchy ez-toc-counter ez-toc-grey ez-toc-container-direction\">\n<div class=\"ez-toc-title-container\">\n<p class=\"ez-toc-title\" style=\"cursor:inherit\">\u00cdndice<\/p>\n<span class=\"ez-toc-title-toggle\"><a href=\"#\" class=\"ez-toc-pull-right ez-toc-btn ez-toc-btn-xs ez-toc-btn-default ez-toc-toggle\" aria-label=\"Alternar tabela de conte\u00fado\"><span class=\"ez-toc-js-icon-con\"><span class=\"\"><span class=\"eztoc-hide\" style=\"display:none;\">Toggle<\/span><span class=\"ez-toc-icon-toggle-span\"><svg style=\"fill: #999;color:#999\" xmlns=\"http:\/\/www.w3.org\/2000\/svg\" class=\"list-377408\" width=\"20px\" height=\"20px\" viewBox=\"0 0 24 24\" fill=\"none\"><path d=\"M6 6H4v2h2V6zm14 0H8v2h12V6zM4 11h2v2H4v-2zm16 0H8v2h12v-2zM4 16h2v2H4v-2zm16 0H8v2h12v-2z\" fill=\"currentColor\"><\/path><\/svg><svg style=\"fill: #999;color:#999\" class=\"arrow-unsorted-368013\" xmlns=\"http:\/\/www.w3.org\/2000\/svg\" width=\"10px\" height=\"10px\" viewBox=\"0 0 24 24\" version=\"1.2\" baseProfile=\"tiny\"><path d=\"M18.2 9.3l-6.2-6.3-6.2 6.3c-.2.2-.3.4-.3.7s.1.5.3.7c.2.2.4.3.7.3h11c.3 0 .5-.1.7-.3.2-.2.3-.5.3-.7s-.1-.5-.3-.7zM5.8 14.7l6.2 6.3 6.2-6.3c.2-.2.3-.5.3-.7s-.1-.5-.3-.7c-.2-.2-.4-.3-.7-.3h-11c-.3 0-.5.1-.7.3-.2.2-.3.5-.3.7s.1.5.3.7z\"\/><\/svg><\/span><\/span><\/span><\/a><\/span><\/div>\n<nav><ul class='ez-toc-list ez-toc-list-level-1 ' ><li class='ez-toc-page-1 ez-toc-heading-level-2'><a class=\"ez-toc-link ez-toc-heading-1\" href=\"https:\/\/vibrasom.ind.br\/blog\/7-doencas-auditivas-que-exigem-cuidado\/#Conheca_as_7_principais_doencas_auditivas\" >Conhe\u00e7a as 7 principais doen\u00e7as auditivas<\/a><ul class='ez-toc-list-level-3' ><li class='ez-toc-heading-level-3'><a class=\"ez-toc-link ez-toc-heading-2\" href=\"https:\/\/vibrasom.ind.br\/blog\/7-doencas-auditivas-que-exigem-cuidado\/#1_Surdez_subita\" >1. Surdez s\u00fabita<\/a><\/li><li class='ez-toc-page-1 ez-toc-heading-level-3'><a class=\"ez-toc-link ez-toc-heading-3\" href=\"https:\/\/vibrasom.ind.br\/blog\/7-doencas-auditivas-que-exigem-cuidado\/#2_Otosclerose\" >2. Otosclerose<\/a><\/li><li class='ez-toc-page-1 ez-toc-heading-level-3'><a class=\"ez-toc-link ez-toc-heading-4\" href=\"https:\/\/vibrasom.ind.br\/blog\/7-doencas-auditivas-que-exigem-cuidado\/#3_Doenca_de_Meniere\" >3. Doen\u00e7a de M\u00e9ni\u00e8re<\/a><\/li><li class='ez-toc-page-1 ez-toc-heading-level-3'><a class=\"ez-toc-link ez-toc-heading-5\" href=\"https:\/\/vibrasom.ind.br\/blog\/7-doencas-auditivas-que-exigem-cuidado\/#4_Perda_auditiva_induzida_por_ruido_PAIR\" >4. Perda auditiva induzida por ru\u00eddo (PAIR)<\/a><\/li><li class='ez-toc-page-1 ez-toc-heading-level-3'><a class=\"ez-toc-link ez-toc-heading-6\" href=\"https:\/\/vibrasom.ind.br\/blog\/7-doencas-auditivas-que-exigem-cuidado\/#5_Otite_cronica\" >5. Otite cr\u00f4nica<\/a><\/li><li class='ez-toc-page-1 ez-toc-heading-level-3'><a class=\"ez-toc-link ez-toc-heading-7\" href=\"https:\/\/vibrasom.ind.br\/blog\/7-doencas-auditivas-que-exigem-cuidado\/#6_Neuropatia_auditiva\" >6. Neuropatia auditiva<\/a><\/li><li class='ez-toc-page-1 ez-toc-heading-level-3'><a class=\"ez-toc-link ez-toc-heading-8\" href=\"https:\/\/vibrasom.ind.br\/blog\/7-doencas-auditivas-que-exigem-cuidado\/#7_Presbiacusia\" >7. Presbiacusia<\/a><\/li><\/ul><\/li><li class='ez-toc-page-1 ez-toc-heading-level-2'><a class=\"ez-toc-link ez-toc-heading-9\" href=\"https:\/\/vibrasom.ind.br\/blog\/7-doencas-auditivas-que-exigem-cuidado\/#Vibrasom_e_doencas_auditivas_Tecnologia_para_avaliacoes_seguras\" >Vibrasom e doen\u00e7as auditivas: Tecnologia para avalia\u00e7\u00f5es seguras<\/a><\/li><li class='ez-toc-page-1 ez-toc-heading-level-2'><a class=\"ez-toc-link ez-toc-heading-10\" href=\"https:\/\/vibrasom.ind.br\/blog\/7-doencas-auditivas-que-exigem-cuidado\/#Ficar_atento_as_doencas_auditivas_e_fundamental_na_pratica_da_audiologia\" >Ficar atento \u00e0s doen\u00e7as auditivas \u00e9 fundamental na pr\u00e1tica da audiologia!<\/a><ul class='ez-toc-list-level-3' ><li class='ez-toc-heading-level-3'><a class=\"ez-toc-link ez-toc-heading-11\" href=\"https:\/\/vibrasom.ind.br\/blog\/7-doencas-auditivas-que-exigem-cuidado\/#VIBRASOM_AUDIOLOGIA\" >VIBRASOM AUDIOLOGIA<\/a><\/li><\/ul><\/li><\/ul><\/nav><\/div>\n<h2 class=\"wp-block-heading\"><span class=\"ez-toc-section\" id=\"Conheca_as_7_principais_doencas_auditivas\"><\/span><strong>Conhe\u00e7a as 7 principais doen\u00e7as auditivas<\/strong><span class=\"ez-toc-section-end\"><\/span><\/h2>\n\n\n\n<p>As doen\u00e7as auditivas atingem pacientes de maneiras variadas, independentemente da idade. A seguir, destacamos 7 condi\u00e7\u00f5es que exigem aten\u00e7\u00e3o especial, com suporte de equipamentos e solu\u00e7\u00f5es da Vibrasom Audiologia para avalia\u00e7\u00f5es precisas. Confira!<\/p>\n\n\n\n<ol class=\"wp-block-list\">\n<li>Surdez s\u00fabita;<\/li>\n\n\n\n<li>Otosclerose;<\/li>\n\n\n\n<li>Doen\u00e7a de M\u00e9ni\u00e8re;<\/li>\n\n\n\n<li>Perda auditiva induzida por ru\u00eddo (PAIR);<\/li>\n\n\n\n<li>Otite cr\u00f4nica;<\/li>\n\n\n\n<li>Neuropatia auditiva;<\/li>\n\n\n\n<li>Presbiacusia.<\/li>\n<\/ol>\n\n\n\n<h3 class=\"wp-block-heading\"><span class=\"ez-toc-section\" id=\"1_Surdez_subita\"><\/span><strong>1. Surdez s\u00fabita<\/strong><span class=\"ez-toc-section-end\"><\/span><\/h3>\n\n\n\n<p>A surdez s\u00fabita causa perda de audi\u00e7\u00e3o r\u00e1pida, geralmente em um ouvido, acompanhada de zumbido ou press\u00e3o. Audiometria precisa \u00e9 essencial, e equipamentos como AVS-500 e AVS-800 da Vibrasom garantem resultados confi\u00e1veis rapidamente.<\/p>\n\n\n\n<h3 class=\"wp-block-heading\"><span class=\"ez-toc-section\" id=\"2_Otosclerose\"><\/span><strong>2. Otosclerose<\/strong><span class=\"ez-toc-section-end\"><\/span><\/h3>\n\n\n\n<p>A otosclerose \u00e9 uma condi\u00e7\u00e3o gen\u00e9tica que endurece os oss\u00edculos do ouvido m\u00e9dio (tr\u00eas pequenos ossos que levam o som do t\u00edmpano ao ouvido interno), dificultando a passagem do som. Acompanhamento constante \u00e9 importante, e cabines audiom\u00e9tricas com bom isolamento garantem exames precisos.<\/p>\n\n\n\n<h3 class=\"wp-block-heading\"><span class=\"ez-toc-section\" id=\"3_Doenca_de_Meniere\"><\/span><strong>3. Doen\u00e7a de M\u00e9ni\u00e8re<\/strong><span class=\"ez-toc-section-end\"><\/span><\/h3>\n\n\n\n<p>A doen\u00e7a de M\u00e9ni\u00e8re causa perda auditiva, vertigem e zumbido. Testes precisos ajudam a acompanhar as mudan\u00e7as na audi\u00e7\u00e3o, e os softwares da Vibrasom registram cada resultado para orientar o tratamento com seguran\u00e7a.<\/p>\n\n\n\n<h3 class=\"wp-block-heading\"><span class=\"ez-toc-section\" id=\"4_Perda_auditiva_induzida_por_ruido_PAIR\"><\/span><strong>4. Perda auditiva induzida por ru\u00eddo (PAIR)<\/strong><span class=\"ez-toc-section-end\"><\/span><\/h3>\n\n\n\n<p>Exposi\u00e7\u00e3o prolongada a sons altos pode causar perda auditiva irrevers\u00edvel, comum em ambientes de trabalho barulhentos. Audi\u00f4metros precisos permitem detectar precocemente e orientar medidas preventivas.<\/p>\n\n\n\n<h3 class=\"wp-block-heading\"><span class=\"ez-toc-section\" id=\"5_Otite_cronica\"><\/span><strong>5. Otite cr\u00f4nica<\/strong><span class=\"ez-toc-section-end\"><\/span><\/h3>\n\n\n\n<p>A otite cr\u00f4nica \u00e9 uma inflama\u00e7\u00e3o do ouvido que, se n\u00e3o tratada, pode causar perda auditiva permanente. Cabines e audi\u00f4metros da Vibrasom Audiologia oferecem exames confi\u00e1veis, essenciais para decis\u00f5es seguras.<\/p>\n\n\n\n<h3 class=\"wp-block-heading\"><span class=\"ez-toc-section\" id=\"6_Neuropatia_auditiva\"><\/span><strong>6. Neuropatia auditiva<\/strong><span class=\"ez-toc-section-end\"><\/span><\/h3>\n\n\n\n<p>A neuropatia auditiva prejudica a passagem do som do ouvido ao c\u00e9rebro, dificultando a compreens\u00e3o, mesmo com audi\u00e7\u00e3o aparentemente normal. Testes precisos e equipamentos de audiologia ajudam a identificar corretamente a condi\u00e7\u00e3o.<\/p>\n\n\n\n<h3 class=\"wp-block-heading\"><span class=\"ez-toc-section\" id=\"7_Presbiacusia\"><\/span><strong>7. Presbiacusia<\/strong><span class=\"ez-toc-section-end\"><\/span><\/h3>\n\n\n\n<p>A presbiacusia \u00e9 a perda auditiva que acompanha o envelhecimento, afetando principalmente os sons agudos e a comunica\u00e7\u00e3o di\u00e1ria. Audi\u00f4metros calibrados ajudam a identificar altera\u00e7\u00f5es precoces e orientar a reabilita\u00e7\u00e3o auditiva.<\/p>\n\n\n\n<p><strong>Leia tamb\u00e9m:<\/strong><\/p>\n\n\n\n<ul class=\"wp-block-list\">\n<li><a href=\"https:\/\/vibrasom.ind.br\/blog\/novembro-laranja-um-mes-para-cuidar-do-seu-ouvido-com-carinho\/\"><strong>Novembro Laranja: Um m\u00eas para cuidar do seu ouvido com carinho<\/strong><\/a><\/li>\n\n\n\n<li><a href=\"https:\/\/vibrasom.ind.br\/blog\/perda-auditiva-neurossensorial\/\"><strong>Perda auditiva neurossensorial: Como os audi\u00f4metros auxiliam no diagn\u00f3stico?<\/strong><\/a><\/li>\n<\/ul>\n\n\n\n<h2 class=\"wp-block-heading\"><span class=\"ez-toc-section\" id=\"Vibrasom_e_doencas_auditivas_Tecnologia_para_avaliacoes_seguras\"><\/span><strong>Vibrasom e doen\u00e7as auditivas: Tecnologia para avalia\u00e7\u00f5es seguras<\/strong><span class=\"ez-toc-section-end\"><\/span><\/h2>\n\n\n\n<p>Para os profissionais de audiologia, realizar diagn\u00f3sticos corretos \u00e9 t\u00e3o fundamental quanto orientar o tratamento adequado. A Vibrasom oferece ferramentas que tornam cada exame mais seguro e confi\u00e1vel:<\/p>\n\n\n\n<ul class=\"wp-block-list\">\n<li><a href=\"https:\/\/vibrasom.ind.br\/cabines-audiometricas\/\">Cabines audiom\u00e9tricas<\/a><strong> com isolamento ac\u00fastico avan\u00e7ado<\/strong>, garantindo medi\u00e7\u00f5es exatas;<\/li>\n\n\n\n<li><strong>Audi\u00f4metros <\/strong><a href=\"https:\/\/vibrasom.ind.br\/audiometro-avs-500\/\">AVS-500<\/a><strong> e <\/strong><a href=\"https:\/\/vibrasom.ind.br\/audiometro-avs-800\/\">AVS-800<\/a>, ideais para avalia\u00e7\u00f5es cl\u00ednicas e ocupacionais;<\/li>\n\n\n\n<li><a href=\"https:\/\/vibrasom.ind.br\/software-de-controle-audiometrico\/\">Softwares de controle audiom\u00e9trico<\/a>, que registram e organizam os dados do paciente de forma pr\u00e1tica e segura.<\/li>\n<\/ul>\n\n\n\n<p>Investir em tecnologia de ponta assegura precis\u00e3o e confian\u00e7a em cada avalia\u00e7\u00e3o, elevando a qualidade do cuidado auditivo oferecido aos pacientes.<\/p>\n\n\n\n<h2 class=\"wp-block-heading\"><span class=\"ez-toc-section\" id=\"Ficar_atento_as_doencas_auditivas_e_fundamental_na_pratica_da_audiologia\"><\/span><strong>Ficar atento \u00e0s doen\u00e7as auditivas \u00e9 fundamental na pr\u00e1tica da audiologia!<\/strong><span class=\"ez-toc-section-end\"><\/span><\/h2>\n\n\n\n<p>Detectar altera\u00e7\u00f5es precocemente e acompanhar de perto cada paciente ajuda a prevenir perdas irrevers\u00edveis e melhora a qualidade de vida. Com os equipamentos da Vibrasom, voc\u00ea garante resultados precisos e confian\u00e7a em todos os exames.<\/p>\n\n\n\n<p><strong>Fale agora com a Vibrasom Audiologia!<\/strong><\/p>\n\n\n\n<p>Entre em contato conosco e descubra como nossas solu\u00e7\u00f5es podem otimizar seu trabalho cl\u00ednico e elevar a excel\u00eancia do atendimento auditivo.<\/p>\n\n\n\n<p><a href=\"https:\/\/vibrasom.ind.br\/contato\/\"><strong>[Solicite aqui o seu or\u00e7amento]<\/strong><\/a><\/p>\n\n\n\n<h3 class=\"wp-block-heading\"><span class=\"ez-toc-section\" id=\"VIBRASOM_AUDIOLOGIA\"><\/span><strong>VIBRASOM AUDIOLOGIA<\/strong><span class=\"ez-toc-section-end\"><\/span><\/h3>\n\n\n\n<p>11 3506 &#8211; 5087<\/p>\n\n\n\n<p>11 9 9967 6973 &#8211; Ac\u00fastica<\/p>\n\n\n\n<p>11 9 7107 4218 &#8211; Audiologia<\/p>\n\n\n\n<p>E-mail: <a href=\"mailto:vibrasom@vibrasom.ind.br\">vibrasom@vibrasom.ind.b<\/a>r<\/p>\n\n\n\n<p><strong>Siga nosso Instagram!<\/strong><\/p>\n\n\n\n<p><a href=\"https:\/\/www.instagram.com\/vibrasom\/\" target=\"_blank\" rel=\"noopener\"><strong>Vibrasom<\/strong><\/a><\/p>\n\n\n\n<p><\/p>\n","protected":false},"excerpt":{"rendered":"<p>As doen\u00e7as auditivas podem comprometer a qualidade de vida de forma significativa, impactando a comunica\u00e7\u00e3o, o equil\u00edbrio e a sa\u00fade cognitiva dos pacientes.&nbsp; Para os profissionais de audiologia, identificar esses problemas precocemente \u00e9 fundamental, assim como contar com equipamentos e servi\u00e7os confi\u00e1veis para diagn\u00f3stico e acompanhamento. Neste artigo especial, destacamos 7 doen\u00e7as auditivas que mais&hellip;&nbsp;<a href=\"https:\/\/vibrasom.ind.br\/blog\/7-doencas-auditivas-que-exigem-cuidado\/\" rel=\"bookmark\"><span class=\"screen-reader-text\">Fique atento: 7 doen\u00e7as auditivas que exigem cuidado<\/span><\/a><\/p>\n","protected":false},"author":1,"featured_media":1344,"comment_status":"open","ping_status":"open","sticky":false,"template":"","format":"standard","meta":{"neve_meta_sidebar":"","neve_meta_container":"","neve_meta_enable_content_width":"","neve_meta_content_width":0,"neve_meta_title_alignment":"","neve_meta_author_avatar":"","neve_post_elements_order":"","neve_meta_disable_header":"","neve_meta_disable_footer":"","neve_meta_disable_title":"","footnotes":""},"categories":[136],"tags":[24,23,26,7,369],"class_list":["post-1326","post","type-post","status-publish","format-standard","has-post-thumbnail","hentry","category-audiologia","tag-audiologia","tag-audiometria","tag-fonoaudiologia","tag-vibrasom","tag-vibrasom-audiologia"],"_links":{"self":[{"href":"https:\/\/vibrasom.ind.br\/blog\/wp-json\/wp\/v2\/posts\/1326","targetHints":{"allow":["GET"]}}],"collection":[{"href":"https:\/\/vibrasom.ind.br\/blog\/wp-json\/wp\/v2\/posts"}],"about":[{"href":"https:\/\/vibrasom.ind.br\/blog\/wp-json\/wp\/v2\/types\/post"}],"author":[{"embeddable":true,"href":"https:\/\/vibrasom.ind.br\/blog\/wp-json\/wp\/v2\/users\/1"}],"replies":[{"embeddable":true,"href":"https:\/\/vibrasom.ind.br\/blog\/wp-json\/wp\/v2\/comments?post=1326"}],"version-history":[{"count":1,"href":"https:\/\/vibrasom.ind.br\/blog\/wp-json\/wp\/v2\/posts\/1326\/revisions"}],"predecessor-version":[{"id":1327,"href":"https:\/\/vibrasom.ind.br\/blog\/wp-json\/wp\/v2\/posts\/1326\/revisions\/1327"}],"wp:featuredmedia":[{"embeddable":true,"href":"https:\/\/vibrasom.ind.br\/blog\/wp-json\/wp\/v2\/media\/1344"}],"wp:attachment":[{"href":"https:\/\/vibrasom.ind.br\/blog\/wp-json\/wp\/v2\/media?parent=1326"}],"wp:term":[{"taxonomy":"category","embeddable":true,"href":"https:\/\/vibrasom.ind.br\/blog\/wp-json\/wp\/v2\/categories?post=1326"},{"taxonomy":"post_tag","embeddable":true,"href":"https:\/\/vibrasom.ind.br\/blog\/wp-json\/wp\/v2\/tags?post=1326"}],"curies":[{"name":"wp","href":"https:\/\/api.w.org\/{rel}","templated":true}]}}