{"id":1431,"date":"2026-03-17T14:18:09","date_gmt":"2026-03-17T17:18:09","guid":{"rendered":"https:\/\/vibrasom.ind.br\/blog\/?p=1431"},"modified":"2026-03-17T14:18:11","modified_gmt":"2026-03-17T17:18:11","slug":"surdez-temporaria","status":"publish","type":"post","link":"https:\/\/vibrasom.ind.br\/blog\/surdez-temporaria\/","title":{"rendered":"Agilize diagn\u00f3sticos de surdez tempor\u00e1ria usando AVS-800"},"content":{"rendered":"\n<p>Identificar rapidamente quadros de perda auditiva tempor\u00e1ria (popularmente chamados de surdez tempor\u00e1ria) \u00e9 fundamental para que o paciente receba a conduta adequada. Pequenos atrasos no diagn\u00f3stico podem prolongar sintomas, gerar inseguran\u00e7a e comprometer a rotina de quem j\u00e1 est\u00e1 lidando com dificuldades auditivas.<\/p>\n\n\n\n<p>Dessa forma, utilizar um equipamento de alta confiabilidade, como o <a href=\"https:\/\/vibrasom.ind.br\/audiometro-avs-800\/\">audi\u00f4metro AVS-800<\/a>, impacta diretamente a rotina cl\u00ednica di\u00e1ria, proporcionando mais rapidez nos atendimentos, seguran\u00e7a na condu\u00e7\u00e3o dos testes e resultados ainda mais precisos do in\u00edcio ao fim do exame.<\/p>\n\n\n\n<p>Neste artigo da Vibrasom Audiologia, entenda como tornar o diagn\u00f3stico de surdez tempor\u00e1ria mais eficiente com o audi\u00f4metro AVS-800 e por que ele se consolidou como refer\u00eancia no mercado nacional.<\/p>\n\n\n\n<p>Tenha uma \u00f3tima leitura!<\/p>\n\n\n\n<div id=\"ez-toc-container\" class=\"ez-toc-v2_0_82_2 counter-hierarchy ez-toc-counter ez-toc-grey ez-toc-container-direction\">\n<div class=\"ez-toc-title-container\">\n<p class=\"ez-toc-title\" style=\"cursor:inherit\">\u00cdndice<\/p>\n<span class=\"ez-toc-title-toggle\"><a href=\"#\" class=\"ez-toc-pull-right ez-toc-btn ez-toc-btn-xs ez-toc-btn-default ez-toc-toggle\" aria-label=\"Alternar tabela de conte\u00fado\"><span class=\"ez-toc-js-icon-con\"><span class=\"\"><span class=\"eztoc-hide\" style=\"display:none;\">Toggle<\/span><span class=\"ez-toc-icon-toggle-span\"><svg style=\"fill: #999;color:#999\" xmlns=\"http:\/\/www.w3.org\/2000\/svg\" class=\"list-377408\" width=\"20px\" height=\"20px\" viewBox=\"0 0 24 24\" fill=\"none\"><path d=\"M6 6H4v2h2V6zm14 0H8v2h12V6zM4 11h2v2H4v-2zm16 0H8v2h12v-2zM4 16h2v2H4v-2zm16 0H8v2h12v-2z\" fill=\"currentColor\"><\/path><\/svg><svg style=\"fill: #999;color:#999\" class=\"arrow-unsorted-368013\" xmlns=\"http:\/\/www.w3.org\/2000\/svg\" width=\"10px\" height=\"10px\" viewBox=\"0 0 24 24\" version=\"1.2\" baseProfile=\"tiny\"><path d=\"M18.2 9.3l-6.2-6.3-6.2 6.3c-.2.2-.3.4-.3.7s.1.5.3.7c.2.2.4.3.7.3h11c.3 0 .5-.1.7-.3.2-.2.3-.5.3-.7s-.1-.5-.3-.7zM5.8 14.7l6.2 6.3 6.2-6.3c.2-.2.3-.5.3-.7s-.1-.5-.3-.7c-.2-.2-.4-.3-.7-.3h-11c-.3 0-.5.1-.7.3-.2.2-.3.5-.3.7s.1.5.3.7z\"\/><\/svg><\/span><\/span><\/span><\/a><\/span><\/div>\n<nav><ul class='ez-toc-list ez-toc-list-level-1 ' ><li class='ez-toc-page-1 ez-toc-heading-level-2'><a class=\"ez-toc-link ez-toc-heading-1\" href=\"https:\/\/vibrasom.ind.br\/blog\/surdez-temporaria\/#Entenda_a_surdez_temporaria_e_a_importancia_do_diagnostico_precoce\" >Entenda a surdez tempor\u00e1ria e a import\u00e2ncia do diagn\u00f3stico precoce<\/a><\/li><li class='ez-toc-page-1 ez-toc-heading-level-2'><a class=\"ez-toc-link ez-toc-heading-2\" href=\"https:\/\/vibrasom.ind.br\/blog\/surdez-temporaria\/#AVS-800_Precisao_digital_que_eleva_o_padrao_dos_exames_audiometricos\" >AVS-800: Precis\u00e3o digital que eleva o padr\u00e3o dos exames audiom\u00e9tricos<\/a><ul class='ez-toc-list-level-3' ><li class='ez-toc-heading-level-3'><a class=\"ez-toc-link ez-toc-heading-3\" href=\"https:\/\/vibrasom.ind.br\/blog\/surdez-temporaria\/#Por_que_a_emissao_digital_faz_tanta_diferenca\" >Por que a emiss\u00e3o digital faz tanta diferen\u00e7a?<\/a><\/li><\/ul><\/li><li class='ez-toc-page-1 ez-toc-heading-level-2'><a class=\"ez-toc-link ez-toc-heading-4\" href=\"https:\/\/vibrasom.ind.br\/blog\/surdez-temporaria\/#Como_a_integracao_com_o_computador_agiliza_os_exames_audiometricos\" >Como a integra\u00e7\u00e3o com o computador agiliza os exames audiom\u00e9tricos?<\/a><\/li><li class='ez-toc-page-1 ez-toc-heading-level-2'><a class=\"ez-toc-link ez-toc-heading-5\" href=\"https:\/\/vibrasom.ind.br\/blog\/surdez-temporaria\/#Por_que_o_design_ergonomico_do_AVS-800_facilita_o_trabalho_do_profissional\" >Por que o design ergon\u00f4mico do AVS-800 facilita o trabalho do profissional?<\/a><\/li><li class='ez-toc-page-1 ez-toc-heading-level-2'><a class=\"ez-toc-link ez-toc-heading-6\" href=\"https:\/\/vibrasom.ind.br\/blog\/surdez-temporaria\/#Quais_funcionalidades_do_AVS-800_ajudam_no_diagnostico_de_surdez_temporaria\" >Quais funcionalidades do AVS-800 ajudam no diagn\u00f3stico de surdez tempor\u00e1ria?<\/a><\/li><li class='ez-toc-page-1 ez-toc-heading-level-2'><a class=\"ez-toc-link ez-toc-heading-7\" href=\"https:\/\/vibrasom.ind.br\/blog\/surdez-temporaria\/#Como_escolher_com_seguranca_um_audiometro_usado\" >Como escolher com seguran\u00e7a um audi\u00f4metro usado?<\/a><ul class='ez-toc-list-level-3' ><li class='ez-toc-heading-level-3'><a class=\"ez-toc-link ez-toc-heading-8\" href=\"https:\/\/vibrasom.ind.br\/blog\/surdez-temporaria\/#Por_que_o_AVS-800_e_estrategico_no_diagnostico_de_surdez_temporaria\" >Por que o AVS-800 \u00e9 estrat\u00e9gico no diagn\u00f3stico de surdez tempor\u00e1ria?<\/a><\/li><li class='ez-toc-page-1 ez-toc-heading-level-3'><a class=\"ez-toc-link ez-toc-heading-9\" href=\"https:\/\/vibrasom.ind.br\/blog\/surdez-temporaria\/#Quer_conhecer_de_perto_como_o_AVS-800_melhora_seus_exames_auditivos\" >Quer conhecer de perto como o AVS-800 melhora seus exames auditivos?<\/a><\/li><li class='ez-toc-page-1 ez-toc-heading-level-3'><a class=\"ez-toc-link ez-toc-heading-10\" href=\"https:\/\/vibrasom.ind.br\/blog\/surdez-temporaria\/#VIBRASOM\" >VIBRASOM&nbsp;<\/a><\/li><\/ul><\/li><\/ul><\/nav><\/div>\n<h2 class=\"wp-block-heading\"><span class=\"ez-toc-section\" id=\"Entenda_a_surdez_temporaria_e_a_importancia_do_diagnostico_precoce\"><\/span><strong>Entenda a surdez tempor\u00e1ria e a import\u00e2ncia do diagn\u00f3stico precoce<\/strong><span class=\"ez-toc-section-end\"><\/span><\/h2>\n\n\n\n<p>A surdez tempor\u00e1ria ocorre quando h\u00e1 uma diminui\u00e7\u00e3o passageira da capacidade auditiva, que pode ser revertida ap\u00f3s o tratamento adequado ou a resolu\u00e7\u00e3o da causa. Entre os fatores mais comuns est\u00e3o infec\u00e7\u00f5es de ouvido, excesso de cer\u00famen, exposi\u00e7\u00e3o a sons muito intensos e processos inflamat\u00f3rios. Mesmo sendo revers\u00edvel na maioria dos casos, esse tipo de altera\u00e7\u00e3o pode causar inc\u00f4modo, falhas na comunica\u00e7\u00e3o e at\u00e9 preju\u00edzos no desempenho profissional.<\/p>\n\n\n\n<p>Na pr\u00e1tica cl\u00ednica, agir com rapidez \u00e9 essencial. Quanto antes o paciente realiza a avalia\u00e7\u00e3o, maiores s\u00e3o as chances de identificar corretamente a origem da altera\u00e7\u00e3o auditiva e evitar complica\u00e7\u00f5es.&nbsp;<\/p>\n\n\n\n<p><strong>Um exame audiom\u00e9trico bem conduzido possibilita:<\/strong><\/p>\n\n\n\n<ul class=\"wp-block-list\">\n<li>Diferenciar perdas condutivas das neurossensoriais;<\/li>\n\n\n\n<li>Verificar se a altera\u00e7\u00e3o afeta um ou ambos os ouvidos;<\/li>\n\n\n\n<li>Acompanhar a evolu\u00e7\u00e3o do quadro ao longo do tempo;<\/li>\n\n\n\n<li>Definir a melhor conduta terap\u00eautica com base em dados confi\u00e1veis.<\/li>\n<\/ul>\n\n\n\n<p>\u00c9 nesse contexto que a tecnologia digital do audi\u00f4metro AVS-800 ganha destaque, oferecendo recursos que tornam a avalia\u00e7\u00e3o mais precisa e segura.<\/p>\n\n\n\n<h2 class=\"wp-block-heading\"><span class=\"ez-toc-section\" id=\"AVS-800_Precisao_digital_que_eleva_o_padrao_dos_exames_audiometricos\"><\/span><strong>AVS-800: Precis\u00e3o digital que eleva o padr\u00e3o dos exames audiom\u00e9tricos<\/strong><span class=\"ez-toc-section-end\"><\/span><\/h2>\n\n\n\n<p>O AVS-800 \u00e9 um audi\u00f4metro digital de dois canais desenvolvido pela Vibrasom Audiologia, uma empresa brasileira consolidada e respeitada no segmento de tecnologia ac\u00fastica. Fabricado no pa\u00eds e com <strong>Registro ANVISA n\u00ba 8020580002<\/strong>, o equipamento se destaca por contar com gera\u00e7\u00e3o de sinal totalmente digital, caracter\u00edstica fundamental para profissionais que valorizam precis\u00e3o, estabilidade e confian\u00e7a na realiza\u00e7\u00e3o dos exames audiom\u00e9tricos.<\/p>\n\n\n\n<p>Ao contr\u00e1rio de muitos aparelhos dispon\u00edveis no mercado, que combinam comandos digitais com emiss\u00e3o de sinal anal\u00f3gica, o AVS-800 executa todo o processo de forma digital. Essa caracter\u00edstica reduz interfer\u00eancias e assegura maior controle t\u00e9cnico em cada etapa da avalia\u00e7\u00e3o.<\/p>\n\n\n\n<h3 class=\"wp-block-heading\"><span class=\"ez-toc-section\" id=\"Por_que_a_emissao_digital_faz_tanta_diferenca\"><\/span><strong>Por que a emiss\u00e3o digital faz tanta diferen\u00e7a?<\/strong><span class=\"ez-toc-section-end\"><\/span><\/h3>\n\n\n\n<p>Nos equipamentos h\u00edbridos, pequenas oscila\u00e7\u00f5es podem ocorrer justamente na gera\u00e7\u00e3o do est\u00edmulo sonoro. Quando o sistema \u00e9 100% digital, como no AVS-800, o profissional passa a contar com vantagens claras:<\/p>\n\n\n\n<ul class=\"wp-block-list\">\n<li>Emiss\u00e3o de est\u00edmulos mais est\u00e1vel e precisa;<\/li>\n\n\n\n<li>Minimiza\u00e7\u00e3o de distor\u00e7\u00f5es ou varia\u00e7\u00f5es indesejadas;<\/li>\n\n\n\n<li>Processo de calibra\u00e7\u00e3o mais simples e confi\u00e1vel;<\/li>\n\n\n\n<li>Maior seguran\u00e7a na interpreta\u00e7\u00e3o dos resultados.<\/li>\n<\/ul>\n\n\n\n<p>Em situa\u00e7\u00f5es de surdez tempor\u00e1ria, nas quais diferen\u00e7as sutis nos limiares auditivos podem indicar evolu\u00e7\u00e3o ou regress\u00e3o do quadro, essa exatid\u00e3o t\u00e9cnica se torna indispens\u00e1vel para uma an\u00e1lise segura e bem fundamentada.<\/p>\n\n\n\n<h2 class=\"wp-block-heading\"><span class=\"ez-toc-section\" id=\"Como_a_integracao_com_o_computador_agiliza_os_exames_audiometricos\"><\/span><strong>Como a integra\u00e7\u00e3o com o computador agiliza os exames audiom\u00e9tricos?<\/strong><span class=\"ez-toc-section-end\"><\/span><\/h2>\n\n\n\n<p>A comunica\u00e7\u00e3o direta entre o AVS-800 e o computador \u00e9 um recurso que transforma a rotina cl\u00ednica, tornando os exames mais r\u00e1pidos e precisos. Por meio de software pr\u00f3prio, todas as informa\u00e7\u00f5es do teste s\u00e3o registradas imediatamente, sem necessidade de anota\u00e7\u00f5es manuais.<\/p>\n\n\n\n<p><strong>Entre os principais benef\u00edcios dessa integra\u00e7\u00e3o est\u00e3o:<\/strong><\/p>\n\n\n\n<ul class=\"wp-block-list\">\n<li><strong>Acompanhamento em tempo real<\/strong>: Os resultados podem ser observados \u00e0 medida que o exame acontece;<\/li>\n\n\n\n<li><strong>Registro autom\u00e1tico de respostas<\/strong>: Elimina erros de digita\u00e7\u00e3o ou esquecimento de dados;<\/li>\n\n\n\n<li><strong>Organiza\u00e7\u00e3o do banco de dados<\/strong>: Mant\u00e9m os hist\u00f3ricos dos pacientes estruturados e acess\u00edveis;<\/li>\n\n\n\n<li><strong>Emiss\u00e3o \u00e1gil de relat\u00f3rios<\/strong>: Gera laudos rapidamente, sem retrabalho;<\/li>\n\n\n\n<li><strong>Otimiza\u00e7\u00e3o do fluxo cl\u00ednico<\/strong>: Reduz tempo gasto em tarefas administrativas e aumenta a produtividade;<\/li>\n\n\n\n<li><strong>Monitoramento da evolu\u00e7\u00e3o auditiva<\/strong>: Facilita compara\u00e7\u00f5es de exames anteriores, importante para pacientes com surdez tempor\u00e1ria;<\/li>\n\n\n\n<li><strong>Suporte a decis\u00f5es cl\u00ednicas mais seguras<\/strong>: Fornece dados precisos para acompanhamento p\u00f3s-tratamento ou retorno ocupacional.<\/li>\n<\/ul>\n\n\n\n<p>Com essa estrutura, cl\u00ednicas e consult\u00f3rios conseguem oferecer exames mais confi\u00e1veis, melhorar a experi\u00eancia do paciente e tornar a gest\u00e3o das audiometrias muito mais eficiente.<\/p>\n\n\n\n<h2 class=\"wp-block-heading\"><span class=\"ez-toc-section\" id=\"Por_que_o_design_ergonomico_do_AVS-800_facilita_o_trabalho_do_profissional\"><\/span><strong>Por que o design ergon\u00f4mico do AVS-800 facilita o trabalho do profissional?<\/strong><span class=\"ez-toc-section-end\"><\/span><\/h2>\n\n\n\n<p>O AVS-800 foi pensado n\u00e3o apenas para o paciente, mas tamb\u00e9m para quem realiza os exames. A rotina de fonoaudi\u00f3logos e otorrinolaringologistas envolve movimentos repetitivos e longos per\u00edodos de opera\u00e7\u00e3o, o que pode gerar fadiga e aumentar o risco de Les\u00f5es por Esfor\u00e7os Repetitivos.<\/p>\n\n\n\n<p>O design do equipamento busca reduzir esses impactos, mantendo as m\u00e3os do operador apoiadas durante a maior parte do exame e tornando o manuseio mais confort\u00e1vel. Entre os principais benef\u00edcios do layout ergon\u00f4mico est\u00e3o:<\/p>\n\n\n\n<ul class=\"wp-block-list\">\n<li><strong>Visor amplo de cristal l\u00edquido<\/strong>: Facilita a leitura e acompanhamento dos resultados;<\/li>\n\n\n\n<li><strong>Comandos organizados de forma intuitiva<\/strong>: Localiza\u00e7\u00e3o r\u00e1pida e pr\u00e1tica durante o exame;<\/li>\n\n\n\n<li><strong>Estrutura que preserva a privacidade do paciente<\/strong>: Impede que ele veja os controles enquanto o exame \u00e9 realizado;<\/li>\n\n\n\n<li><strong>Redu\u00e7\u00e3o de esfor\u00e7o f\u00edsico<\/strong>: Menor tens\u00e3o nos bra\u00e7os e m\u00e3os mesmo em jornadas prolongadas;<\/li>\n\n\n\n<li><strong>Menos falhas operacionais<\/strong>: Ergonomia contribui para maior precis\u00e3o durante os testes;<\/li>\n\n\n\n<li><strong>Maior conforto no atendimento<\/strong>: Permite que o profissional mantenha foco e efici\u00eancia, mesmo em dias de agenda cheia.<\/li>\n<\/ul>\n\n\n\n<p>Com essas caracter\u00edsticas, o AVS-800 oferece mais seguran\u00e7a, precis\u00e3o e bem-estar para o profissional durante a condu\u00e7\u00e3o das audiometrias.<\/p>\n\n\n\n<p><strong>Leia tamb\u00e9m:<\/strong><\/p>\n\n\n\n<ul class=\"wp-block-list\">\n<li><a href=\"https:\/\/vibrasom.ind.br\/blog\/perda-auditiva-moderada\/\"><strong>Garanta precis\u00e3o no diagn\u00f3stico da perda auditiva moderada<\/strong><\/a><\/li>\n\n\n\n<li><a href=\"https:\/\/vibrasom.ind.br\/blog\/audiometria-ocupacional-2\/\"><strong>Audiometria ocupacional: Escolha o audi\u00f4metro ideal<\/strong><\/a><\/li>\n\n\n\n<li><a href=\"https:\/\/vibrasom.ind.br\/blog\/7-doencas-auditivas-que-exigem-cuidado\/\"><strong>Fique atento: 7 doen\u00e7as auditivas que exigem cuidado<\/strong><\/a><\/li>\n<\/ul>\n\n\n\n<h2 class=\"wp-block-heading\"><span class=\"ez-toc-section\" id=\"Quais_funcionalidades_do_AVS-800_ajudam_no_diagnostico_de_surdez_temporaria\"><\/span><strong>Quais funcionalidades do AVS-800 ajudam no diagn\u00f3stico de surdez tempor\u00e1ria?<\/strong><span class=\"ez-toc-section-end\"><\/span><\/h2>\n\n\n\n<p>O AVS-800 \u00e9 um audi\u00f4metro completo, equipado com recursos que tornam a avalia\u00e7\u00e3o auditiva mais precisa e detalhada, especialmente em casos de <strong>surdez tempor\u00e1ria<\/strong>.&nbsp;<\/p>\n\n\n\n<p>O equipamento permite que o profissional identifique altera\u00e7\u00f5es sutis, acompanhe a evolu\u00e7\u00e3o do paciente e realize testes aprofundados com maior seguran\u00e7a e confiabilidade.<\/p>\n\n\n\n<p><strong>Entre os principais recursos est\u00e3o:<\/strong><\/p>\n\n\n\n<ul class=\"wp-block-list\">\n<li><strong>Multifrequ\u00eancia<\/strong>: possibilita testar cada ouvido em diferentes frequ\u00eancias de forma simult\u00e2nea;<\/li>\n\n\n\n<li><strong>Fun\u00e7\u00e3o Monitor<\/strong>: acompanha em tempo real os sinais emitidos ao paciente, garantindo controle total do exame;<\/li>\n\n\n\n<li><strong>Testes supralimiares<\/strong>: inclui ABLB, SISI, Stenger e Tone Decay, fundamentais para avalia\u00e7\u00f5es aprofundadas;<\/li>\n\n\n\n<li><strong>Sistema de 2 canais<\/strong>: amplia as possibilidades de an\u00e1lise, permitindo exames mais complexos;<\/li>\n\n\n\n<li><strong>Versatilidade para diferentes situa\u00e7\u00f5es<\/strong>: atende tanto triagens r\u00e1pidas quanto investiga\u00e7\u00f5es detalhadas;<\/li>\n\n\n\n<li><strong>Maior precis\u00e3o diagn\u00f3stica<\/strong>: ideal para monitorar a evolu\u00e7\u00e3o de pacientes com altera\u00e7\u00f5es auditivas tempor\u00e1rias;<\/li>\n\n\n\n<li><strong>Seguran\u00e7a nos resultados<\/strong>: recursos avan\u00e7ados reduzem erros e proporcionam dados confi\u00e1veis.<\/li>\n<\/ul>\n\n\n\n<p>Com essas funcionalidades, o AVS-800 garante exames completos, precisos e adaptados \u00e0s necessidades de cada paciente, tornando o diagn\u00f3stico de surdez tempor\u00e1ria<strong> <\/strong>mais eficiente e seguro.<\/p>\n\n\n\n<h2 class=\"wp-block-heading\"><span class=\"ez-toc-section\" id=\"Como_escolher_com_seguranca_um_audiometro_usado\"><\/span><strong>Como escolher com seguran\u00e7a um audi\u00f4metro usado?<\/strong><span class=\"ez-toc-section-end\"><\/span><\/h2>\n\n\n\n<p>Os equipamentos da Vibrasom Audiologia s\u00e3o reconhecidos pela resist\u00eancia e longa durabilidade, o que faz surgir no mercado op\u00e7\u00f5es de aparelhos usados \u00e0 venda.&nbsp;<\/p>\n\n\n\n<p>No entanto, para garantir que a aquisi\u00e7\u00e3o seja segura e funcional, \u00e9 essencial tomar alguns cuidados antes da compra:<\/p>\n\n\n\n<ul class=\"wp-block-list\">\n<li><strong>Verificar o n\u00famero de s\u00e9rie<\/strong> junto ao fabricante para garantir proced\u00eancia;<\/li>\n\n\n\n<li><strong>Confirmar a idade do aparelho<\/strong> e se houve algum registro de mau uso;<\/li>\n\n\n\n<li><strong>Inspecionar os fones TDH 39 ou DD 45 e o arco \u00f3sseo B71<\/strong>, certificando-se de que estejam em boas condi\u00e7\u00f5es;<\/li>\n\n\n\n<li><strong>Testar todos os componentes<\/strong> antes de finalizar a compra;<\/li>\n\n\n\n<li><strong>Checar a \u00faltima calibra\u00e7\u00e3o<\/strong> por meio do certificado emitido pelo laborat\u00f3rio autorizado.<\/li>\n<\/ul>\n\n\n\n<p>Mesmo que o valor de um equipamento usado pare\u00e7a atrativo, a falta de aten\u00e7\u00e3o a esses detalhes pode gerar custos altos posteriormente. Garantir que o audi\u00f4metro esteja tecnicamente em dia \u00e9 a melhor forma de investir com seguran\u00e7a.<\/p>\n\n\n\n<h3 class=\"wp-block-heading\"><span class=\"ez-toc-section\" id=\"Por_que_o_AVS-800_e_estrategico_no_diagnostico_de_surdez_temporaria\"><\/span><strong>Por que o AVS-800 \u00e9 estrat\u00e9gico no diagn\u00f3stico de surdez tempor\u00e1ria?<\/strong><span class=\"ez-toc-section-end\"><\/span><\/h3>\n\n\n\n<p>A combina\u00e7\u00e3o de gera\u00e7\u00e3o de sinal 100% digital, integra\u00e7\u00e3o com software, design ergon\u00f4mico e recursos avan\u00e7ados torna o AVS-800 uma solu\u00e7\u00e3o completa para quem busca agilidade e precis\u00e3o no diagn\u00f3stico de surdez tempor\u00e1ria.<\/p>\n\n\n\n<p>Em um cen\u00e1rio em que cada minuto conta e cada detalhe t\u00e9cnico faz diferen\u00e7a, contar com um audi\u00f4metro robusto, confi\u00e1vel e atualizado \u00e9 uma decis\u00e3o que impacta diretamente na qualidade do atendimento.<\/p>\n\n\n\n<h3 class=\"wp-block-heading\"><span class=\"ez-toc-section\" id=\"Quer_conhecer_de_perto_como_o_AVS-800_melhora_seus_exames_auditivos\"><\/span><strong>Quer conhecer de perto como o AVS-800 melhora seus exames auditivos?<\/strong><span class=\"ez-toc-section-end\"><\/span><\/h3>\n\n\n\n<p>Solicite um or\u00e7amento \u00e0 Vibrasom Audiologia e descubra na pr\u00e1tica como o Audi\u00f4metro AVS-800 proporciona mais precis\u00e3o, agilidade e seguran\u00e7a durante os exames cl\u00ednicos.<\/p>\n\n\n\n<p><a href=\"https:\/\/vibrasom.ind.br\/contato\/\"><strong>[Clique aqui e fale conosco]<\/strong><\/a><\/p>\n\n\n\n<h3 class=\"wp-block-heading\"><span class=\"ez-toc-section\" id=\"VIBRASOM\"><\/span><strong>VIBRASOM&nbsp;<\/strong><span class=\"ez-toc-section-end\"><\/span><\/h3>\n\n\n\n<p>11 3506 &#8211; 5087<\/p>\n\n\n\n<p>11 9 9967 6973 &#8211; Ac\u00fastica<\/p>\n\n\n\n<p>11 9 7107 4218 &#8211; Audiologia<\/p>\n\n\n\n<p>E-mail: <a href=\"mailto:vibrasom@vibrasom.ind.br\">vibrasom@vibrasom.ind.b<\/a>r<\/p>\n\n\n\n<p><strong>Siga nosso Instagram!<\/strong><\/p>\n\n\n\n<p><a href=\"https:\/\/www.instagram.com\/vibrasom\/\" target=\"_blank\" rel=\"noopener\"><strong>Vibrasom<\/strong><\/a><\/p>\n","protected":false},"excerpt":{"rendered":"<p>Identificar rapidamente quadros de perda auditiva tempor\u00e1ria (popularmente chamados de surdez tempor\u00e1ria) \u00e9 fundamental para que o paciente receba a conduta adequada. Pequenos atrasos no diagn\u00f3stico podem prolongar sintomas, gerar inseguran\u00e7a e comprometer a rotina de quem j\u00e1 est\u00e1 lidando com dificuldades auditivas. Dessa forma, utilizar um equipamento de alta confiabilidade, como o audi\u00f4metro AVS-800,&hellip;&nbsp;<a href=\"https:\/\/vibrasom.ind.br\/blog\/surdez-temporaria\/\" rel=\"bookmark\"><span class=\"screen-reader-text\">Agilize diagn\u00f3sticos de surdez tempor\u00e1ria usando AVS-800<\/span><\/a><\/p>\n","protected":false},"author":1,"featured_media":1432,"comment_status":"open","ping_status":"open","sticky":false,"template":"","format":"standard","meta":{"neve_meta_sidebar":"","neve_meta_container":"","neve_meta_enable_content_width":"","neve_meta_content_width":0,"neve_meta_title_alignment":"","neve_meta_author_avatar":"","neve_post_elements_order":"","neve_meta_disable_header":"","neve_meta_disable_footer":"","neve_meta_disable_title":"","footnotes":""},"categories":[136],"tags":[24,23,26,388,7],"class_list":["post-1431","post","type-post","status-publish","format-standard","has-post-thumbnail","hentry","category-audiologia","tag-audiologia","tag-audiometria","tag-fonoaudiologia","tag-surdez-temporaria","tag-vibrasom"],"_links":{"self":[{"href":"https:\/\/vibrasom.ind.br\/blog\/wp-json\/wp\/v2\/posts\/1431","targetHints":{"allow":["GET"]}}],"collection":[{"href":"https:\/\/vibrasom.ind.br\/blog\/wp-json\/wp\/v2\/posts"}],"about":[{"href":"https:\/\/vibrasom.ind.br\/blog\/wp-json\/wp\/v2\/types\/post"}],"author":[{"embeddable":true,"href":"https:\/\/vibrasom.ind.br\/blog\/wp-json\/wp\/v2\/users\/1"}],"replies":[{"embeddable":true,"href":"https:\/\/vibrasom.ind.br\/blog\/wp-json\/wp\/v2\/comments?post=1431"}],"version-history":[{"count":1,"href":"https:\/\/vibrasom.ind.br\/blog\/wp-json\/wp\/v2\/posts\/1431\/revisions"}],"predecessor-version":[{"id":1433,"href":"https:\/\/vibrasom.ind.br\/blog\/wp-json\/wp\/v2\/posts\/1431\/revisions\/1433"}],"wp:featuredmedia":[{"embeddable":true,"href":"https:\/\/vibrasom.ind.br\/blog\/wp-json\/wp\/v2\/media\/1432"}],"wp:attachment":[{"href":"https:\/\/vibrasom.ind.br\/blog\/wp-json\/wp\/v2\/media?parent=1431"}],"wp:term":[{"taxonomy":"category","embeddable":true,"href":"https:\/\/vibrasom.ind.br\/blog\/wp-json\/wp\/v2\/categories?post=1431"},{"taxonomy":"post_tag","embeddable":true,"href":"https:\/\/vibrasom.ind.br\/blog\/wp-json\/wp\/v2\/tags?post=1431"}],"curies":[{"name":"wp","href":"https:\/\/api.w.org\/{rel}","templated":true}]}}