{"id":166,"date":"2023-01-19T08:40:36","date_gmt":"2023-01-19T11:40:36","guid":{"rendered":"https:\/\/vibrasom.ind.br\/blog\/?p=166"},"modified":"2023-01-19T08:41:27","modified_gmt":"2023-01-19T11:41:27","slug":"conheca-os-10-mitos-e-verdades-sobre-isolamento-acustico","status":"publish","type":"post","link":"https:\/\/vibrasom.ind.br\/blog\/conheca-os-10-mitos-e-verdades-sobre-isolamento-acustico\/","title":{"rendered":"Conhe\u00e7a os 10 Mitos e Verdades sobre Isolamento Ac\u00fastico"},"content":{"rendered":"\n<p>A polui\u00e7\u00e3o sonora \u00e9 reconhecida pela Organiza\u00e7\u00e3o Mundial da Sa\u00fade (OMS) como uma quest\u00e3o de sa\u00fade p\u00fablica que pode levar \u00e0 surdez, por isso preparamos um conte\u00fado especial para voc\u00ea tirar suas d\u00favidas de alguns mitos e verdades sobre isolamento ac\u00fastico.<\/p>\n\n\n\n<p>Mas, afinal, o que \u00e9 isolamento ac\u00fastico?<\/p>\n\n\n\n<p>O isolamento ac\u00fastico \u00e9 quando voc\u00ea precisa isolar ou impedir a passagem de ru\u00eddos para outro ambiente, como por exemplo, em parede geminada, que \u00e9 poss\u00edvel escutar o som do outro lado.&nbsp;<\/p>\n\n\n\n<p>Voc\u00ea pode fazer o isolamento nas janelas, colocando janelas ac\u00fasticas para isolar ru\u00eddos externos, tais como: ru\u00eddo de tr\u00e1fego, ru\u00eddo de festas, entre outros.<\/p>\n\n\n\n<p>\u00c9 importante tamb\u00e9m que voc\u00ea fa\u00e7a o isolamento com a <a href=\"https:\/\/vibrasom.ind.br\/portas-acusticas\/\">porta ac\u00fastica<\/a> para impedir que problemas com sons ou barulhos n\u00e3o ultrapasse de um lado para o outro ou at\u00e9 mesmo fazer o isolamento no <a href=\"https:\/\/vibrasom.ind.br\/piso-acustico\/\">piso<\/a> para que o ru\u00eddo n\u00e3o passe para o vizinho de baixo.<\/p>\n\n\n\n<p>Como esse assunto gera uma s\u00e9rie de d\u00favidas, elaboramos um artigo especial para explicar os 10 mitos e verdades sobre isolamento ac\u00fastico. Boa Leitura!<\/p>\n\n\n\n<div id=\"ez-toc-container\" class=\"ez-toc-v2_0_81 counter-hierarchy ez-toc-counter ez-toc-grey ez-toc-container-direction\">\n<div class=\"ez-toc-title-container\">\n<p class=\"ez-toc-title\" style=\"cursor:inherit\">\u00cdndice<\/p>\n<span class=\"ez-toc-title-toggle\"><a href=\"#\" class=\"ez-toc-pull-right ez-toc-btn ez-toc-btn-xs ez-toc-btn-default ez-toc-toggle\" aria-label=\"Alternar tabela de conte\u00fado\"><span class=\"ez-toc-js-icon-con\"><span class=\"\"><span class=\"eztoc-hide\" style=\"display:none;\">Toggle<\/span><span class=\"ez-toc-icon-toggle-span\"><svg style=\"fill: #999;color:#999\" xmlns=\"http:\/\/www.w3.org\/2000\/svg\" class=\"list-377408\" width=\"20px\" height=\"20px\" viewBox=\"0 0 24 24\" fill=\"none\"><path d=\"M6 6H4v2h2V6zm14 0H8v2h12V6zM4 11h2v2H4v-2zm16 0H8v2h12v-2zM4 16h2v2H4v-2zm16 0H8v2h12v-2z\" fill=\"currentColor\"><\/path><\/svg><svg style=\"fill: #999;color:#999\" class=\"arrow-unsorted-368013\" xmlns=\"http:\/\/www.w3.org\/2000\/svg\" width=\"10px\" height=\"10px\" viewBox=\"0 0 24 24\" version=\"1.2\" baseProfile=\"tiny\"><path d=\"M18.2 9.3l-6.2-6.3-6.2 6.3c-.2.2-.3.4-.3.7s.1.5.3.7c.2.2.4.3.7.3h11c.3 0 .5-.1.7-.3.2-.2.3-.5.3-.7s-.1-.5-.3-.7zM5.8 14.7l6.2 6.3 6.2-6.3c.2-.2.3-.5.3-.7s-.1-.5-.3-.7c-.2-.2-.4-.3-.7-.3h-11c-.3 0-.5.1-.7.3-.2.2-.3.5-.3.7s.1.5.3.7z\"\/><\/svg><\/span><\/span><\/span><\/a><\/span><\/div>\n<nav><ul class='ez-toc-list ez-toc-list-level-1 ' ><li class='ez-toc-page-1 ez-toc-heading-level-2'><a class=\"ez-toc-link ez-toc-heading-1\" href=\"https:\/\/vibrasom.ind.br\/blog\/conheca-os-10-mitos-e-verdades-sobre-isolamento-acustico\/#Mitos_e_Verdades_sobre_Isolamento_Acustico\" >Mitos e Verdades sobre Isolamento Ac\u00fastico<\/a><ul class='ez-toc-list-level-3' ><li class='ez-toc-heading-level-3'><a class=\"ez-toc-link ez-toc-heading-2\" href=\"https:\/\/vibrasom.ind.br\/blog\/conheca-os-10-mitos-e-verdades-sobre-isolamento-acustico\/#1_Caixa_de_ovo_pode_isolar_o_som\" >1. Caixa de ovo pode isolar o som?<\/a><\/li><li class='ez-toc-page-1 ez-toc-heading-level-3'><a class=\"ez-toc-link ez-toc-heading-3\" href=\"https:\/\/vibrasom.ind.br\/blog\/conheca-os-10-mitos-e-verdades-sobre-isolamento-acustico\/#2_Revestimento_interno_nao_resolve_todos_os_problemas_de_isolamento_acustico\" >2.&nbsp; Revestimento interno n\u00e3o resolve todos os problemas de isolamento ac\u00fastico?<\/a><\/li><li class='ez-toc-page-1 ez-toc-heading-level-3'><a class=\"ez-toc-link ez-toc-heading-4\" href=\"https:\/\/vibrasom.ind.br\/blog\/conheca-os-10-mitos-e-verdades-sobre-isolamento-acustico\/#3_Isopor_serve_como_isolante_acustico\" >3. Isopor serve como isolante ac\u00fastico?<\/a><\/li><li class='ez-toc-page-1 ez-toc-heading-level-3'><a class=\"ez-toc-link ez-toc-heading-5\" href=\"https:\/\/vibrasom.ind.br\/blog\/conheca-os-10-mitos-e-verdades-sobre-isolamento-acustico\/#4_Os_elementos_arquitetonicos_podem_alterar_a_acustica\" >4. Os elementos arquitet\u00f4nicos podem alterar a ac\u00fastica?<\/a><\/li><li class='ez-toc-page-1 ez-toc-heading-level-3'><a class=\"ez-toc-link ez-toc-heading-6\" href=\"https:\/\/vibrasom.ind.br\/blog\/conheca-os-10-mitos-e-verdades-sobre-isolamento-acustico\/#5_As_esquadrias_podem_influenciar_no_nivel_de_ruido\" >5. As esquadrias podem influenciar no n\u00edvel de ru\u00eddo?<\/a><\/li><li class='ez-toc-page-1 ez-toc-heading-level-3'><a class=\"ez-toc-link ez-toc-heading-7\" href=\"https:\/\/vibrasom.ind.br\/blog\/conheca-os-10-mitos-e-verdades-sobre-isolamento-acustico\/#6_As_arvores_atenuam_ruidos\" >6. As \u00e1rvores atenuam ru\u00eddos?<\/a><\/li><li class='ez-toc-page-1 ez-toc-heading-level-3'><a class=\"ez-toc-link ez-toc-heading-8\" href=\"https:\/\/vibrasom.ind.br\/blog\/conheca-os-10-mitos-e-verdades-sobre-isolamento-acustico\/#7_Poluicao_sonora_aumenta_nos_horarios_de_pico\" >7. Polui\u00e7\u00e3o sonora aumenta nos hor\u00e1rios de pico?<\/a><\/li><li class='ez-toc-page-1 ez-toc-heading-level-3'><a class=\"ez-toc-link ez-toc-heading-9\" href=\"https:\/\/vibrasom.ind.br\/blog\/conheca-os-10-mitos-e-verdades-sobre-isolamento-acustico\/#8_Aumentar_o_som_do_ambiente_melhora_a_inteligibilidade\" >8. Aumentar o som do ambiente melhora a inteligibilidade?<\/a><\/li><li class='ez-toc-page-1 ez-toc-heading-level-3'><a class=\"ez-toc-link ez-toc-heading-10\" href=\"https:\/\/vibrasom.ind.br\/blog\/conheca-os-10-mitos-e-verdades-sobre-isolamento-acustico\/#9_O_tipo_de_vidro_define_o_isolamento_sonoro\" >9. O tipo de vidro define o isolamento sonoro?<\/a><\/li><li class='ez-toc-page-1 ez-toc-heading-level-3'><a class=\"ez-toc-link ez-toc-heading-11\" href=\"https:\/\/vibrasom.ind.br\/blog\/conheca-os-10-mitos-e-verdades-sobre-isolamento-acustico\/#10_La_de_rocha_quando_ensacada_perde_sua_eficiencia\" >10. L\u00e3 de rocha quando ensacada perde sua efici\u00eancia?<\/a><\/li><\/ul><\/li><\/ul><\/nav><\/div>\n<h2 class=\"wp-block-heading\"><span class=\"ez-toc-section\" id=\"Mitos_e_Verdades_sobre_Isolamento_Acustico\"><\/span><strong>Mitos e Verdades sobre Isolamento Ac\u00fastico<\/strong><span class=\"ez-toc-section-end\"><\/span><\/h2>\n\n\n\n<p>Se voc\u00ea deseja trabalhar em ambientes tranquilos ou proteger sua audi\u00e7\u00e3o, separamos os 10 mitos e verdades sobre o isolamento ac\u00fastico. Confira abaixo!<\/p>\n\n\n\n<p><\/p>\n\n\n\n<h3 class=\"wp-block-heading\"><span class=\"ez-toc-section\" id=\"1_Caixa_de_ovo_pode_isolar_o_som\"><\/span><strong>1. Caixa de ovo pode isolar o som?<\/strong><span class=\"ez-toc-section-end\"><\/span><\/h3>\n\n\n\n<p>Mito!<\/p>\n\n\n\n<p>A caixa de ovo n\u00e3o tem poder de isolamento e absor\u00e7\u00e3o ac\u00fastica. Caixas de ovo s\u00e3o feitas com materiais leves e n\u00e3o possuem peso significativo.&nbsp;<\/p>\n\n\n\n<p>Muitas pessoas confundem porque acreditam que sua efici\u00eancia ac\u00fastica est\u00e1 relacionada com o aspecto e geometria das caixas de ovo, pois o layout \u00e9 parecido ao de materiais absorvedores do tipo \u201cporoso\u201d, comumente utilizado em audit\u00f3rios, salas de cinema e est\u00fadios de grava\u00e7\u00e3o.<\/p>\n\n\n\n<p><\/p>\n\n\n\n<h3 class=\"wp-block-heading\"><span class=\"ez-toc-section\" id=\"2_Revestimento_interno_nao_resolve_todos_os_problemas_de_isolamento_acustico\"><\/span><strong>2.&nbsp; Revestimento interno n\u00e3o resolve todos os problemas de isolamento ac\u00fastico?<\/strong><span class=\"ez-toc-section-end\"><\/span><\/h3>\n\n\n\n<p>Verdade!<\/p>\n\n\n\n<p>Para fazer o isolamento ac\u00fastico \u00e9 preciso entender que n\u00e3o existe apenas um material adequado que solucionar\u00e1 todos os problemas de isolamento.&nbsp;<\/p>\n\n\n\n<p>\u00c9 necess\u00e1rio saber que existe uma combina\u00e7\u00e3o de materiais, pois varia de acordo com as caracter\u00edsticas do projeto, no qual far\u00e1 com que o sistema tenha um desempenho esperado.<\/p>\n\n\n\n<p><\/p>\n\n\n\n<h3 class=\"wp-block-heading\"><span class=\"ez-toc-section\" id=\"3_Isopor_serve_como_isolante_acustico\"><\/span><strong>3. Isopor serve como isolante ac\u00fastico?<\/strong><span class=\"ez-toc-section-end\"><\/span><\/h3>\n\n\n\n<p>Mito!<\/p>\n\n\n\n<p>O isopor n\u00e3o serve como isolante ac\u00fastico porque o material apresenta poros fechados que podem servir para isolamento t\u00e9rmico, mas n\u00e3o ac\u00fastico.<\/p>\n\n\n\n<p><\/p>\n\n\n\n<h3 class=\"wp-block-heading\"><span class=\"ez-toc-section\" id=\"4_Os_elementos_arquitetonicos_podem_alterar_a_acustica\"><\/span><strong>4. Os elementos arquitet\u00f4nicos podem alterar a ac\u00fastica?<\/strong><span class=\"ez-toc-section-end\"><\/span><\/h3>\n\n\n\n<p>Verdade!<\/p>\n\n\n\n<p>Alguns revestimentos de fachada podem alterar a ac\u00fastica, por isso muitos apartamentos do mesmo empreendimento podem ter isolamentos diferentes.&nbsp;<\/p>\n\n\n\n<p><\/p>\n\n\n\n<h3 class=\"wp-block-heading\"><span class=\"ez-toc-section\" id=\"5_As_esquadrias_podem_influenciar_no_nivel_de_ruido\"><\/span><strong>5. As esquadrias podem influenciar no n\u00edvel de ru\u00eddo?<\/strong><span class=\"ez-toc-section-end\"><\/span><\/h3>\n\n\n\n<p>Verdade!<\/p>\n\n\n\n<p>As esquadrias s\u00e3o um dos principais fatores no sistema de veda\u00e7\u00e3o externa para obter um excelente desempenho ac\u00fastico na constru\u00e7\u00e3o, portanto \u00e9 importante que voc\u00ea invista em esquadrias de qualidade para o seu empreendimento.<\/p>\n\n\n\n<p><\/p>\n\n\n\n<h3 class=\"wp-block-heading\"><span class=\"ez-toc-section\" id=\"6_As_arvores_atenuam_ruidos\"><\/span><strong>6. As \u00e1rvores atenuam ru\u00eddos?<\/strong><span class=\"ez-toc-section-end\"><\/span><\/h3>\n\n\n\n<p>Mito!<\/p>\n\n\n\n<p>Se n\u00e3o forem em grande quantidade, as \u00e1rvores n\u00e3o t\u00eam influ\u00eancia na hora de atenuar ru\u00eddos, apenas s\u00e3o respons\u00e1veis por amenizar as temperaturas.<\/p>\n\n\n\n<p><\/p>\n\n\n\n<h3 class=\"wp-block-heading\"><span class=\"ez-toc-section\" id=\"7_Poluicao_sonora_aumenta_nos_horarios_de_pico\"><\/span><strong>7. Polui\u00e7\u00e3o sonora aumenta nos hor\u00e1rios de pico?<\/strong><span class=\"ez-toc-section-end\"><\/span><\/h3>\n\n\n\n<p>Mito!<\/p>\n\n\n\n<p>\u00c9 nos hor\u00e1rios de pico que acontecem os congestionamentos no tr\u00e2nsito que ocasionalmente, faz com que a velocidade dos ve\u00edculos diminua e o barulho emitido por eles, ou seja, n\u00e3o necessariamente a polui\u00e7\u00e3o sonora aumentar\u00e1 nesses per\u00edodos.<\/p>\n\n\n\n<p><\/p>\n\n\n\n<h3 class=\"wp-block-heading\"><span class=\"ez-toc-section\" id=\"8_Aumentar_o_som_do_ambiente_melhora_a_inteligibilidade\"><\/span><strong>8. Aumentar o som do ambiente melhora a inteligibilidade?<\/strong><span class=\"ez-toc-section-end\"><\/span><\/h3>\n\n\n\n<p>Mito!<\/p>\n\n\n\n<p>O aumento da fonte sonora para tentar melhorar a inteligibilidade \u00e9 uma das tentativas mais erradas que voc\u00ea pode fazer, pois a inteligibilidade est\u00e1 diretamente relacionada \u00e0 rela\u00e7\u00e3o sinal-ru\u00eddo (SNR) do som direto e do campo reverberante.<\/p>\n\n\n\n<p>Quando elevamos o volume de um sistema, tanto o som direto quanto o campo reverberante aumentam de forma proporcional, aumentando totalmente o n\u00edvel de press\u00e3o sonora, por\u00e9m n\u00e3o melhora a inteligibilidade.<\/p>\n\n\n\n<p><\/p>\n\n\n\n<h3 class=\"wp-block-heading\"><span class=\"ez-toc-section\" id=\"9_O_tipo_de_vidro_define_o_isolamento_sonoro\"><\/span><strong>9. O tipo de vidro define o isolamento sonoro?<\/strong><span class=\"ez-toc-section-end\"><\/span><\/h3>\n\n\n\n<p>Mito!<\/p>\n\n\n\n<p>Os perfis da esquadria, os acess\u00f3rios, as veda\u00e7\u00f5es e a qualidade da m\u00e3o de obra da instala\u00e7\u00e3o tamb\u00e9m influenciam o desempenho ac\u00fastico em geral.&nbsp;<\/p>\n\n\n\n<p>Em alguns casos n\u00e3o \u00e9 preciso instalar vidro duplo na janela, apenas uma chapa de 4mm bem esquadrilhada em uma janela com boa veda\u00e7\u00e3o funciona.<\/p>\n\n\n\n<p><\/p>\n\n\n\n<h3 class=\"wp-block-heading\"><span class=\"ez-toc-section\" id=\"10_La_de_rocha_quando_ensacada_perde_sua_eficiencia\"><\/span><strong>10. L\u00e3 de rocha quando ensacada perde sua efici\u00eancia?<\/strong><span class=\"ez-toc-section-end\"><\/span><\/h3>\n\n\n\n<p>Mito!<\/p>\n\n\n\n<p>Ensacar a l\u00e3 de rocha n\u00e3o altera o desempenho ac\u00fastico do revestimento, ou seja, o produto pode ser ensacado tranquilamente para evitar uma deteriora\u00e7\u00e3o r\u00e1pida do material.<\/p>\n\n\n\n<p>Voc\u00ea gostou do nosso conte\u00fado e quer saber mais a respeito dos mitos e verdades sobre isolamento ac\u00fastico? Entre em contato com a equipe da Vibrasom Tecnologia Ac\u00fastica para tirar todas as suas d\u00favidas e saiba mais sobre os nossos produtos, clicando <a href=\"https:\/\/vibrasom.ind.br\/contato\/\">aqui<\/a>!<\/p>\n\n\n\n<p><\/p>\n\n\n\n<p><strong>Vibrasom<\/strong><\/p>\n\n\n\n<p>11 3506 &#8211; 5087&nbsp;<\/p>\n\n\n\n<p>11 9 9967 6973 &#8211; Ac\u00fastica<\/p>\n\n\n\n<p>11 9 7107 4218 &#8211; Audiologia<\/p>\n\n\n\n<p>E-mail: vibrasom@vibrasom.ind.br<\/p>\n\n\n\n<p><a href=\"https:\/\/www.vibrasom.ind.br\/\">www.vibrasom.ind.br<br><br><\/a><\/p>\n","protected":false},"excerpt":{"rendered":"<p>A polui\u00e7\u00e3o sonora \u00e9 reconhecida pela Organiza\u00e7\u00e3o Mundial da Sa\u00fade (OMS) como uma quest\u00e3o de sa\u00fade p\u00fablica que pode levar \u00e0 surdez, por isso preparamos um conte\u00fado especial para voc\u00ea tirar suas d\u00favidas de alguns mitos e verdades sobre isolamento ac\u00fastico. Mas, afinal, o que \u00e9 isolamento ac\u00fastico? O isolamento ac\u00fastico \u00e9 quando voc\u00ea precisa&hellip;&nbsp;<a href=\"https:\/\/vibrasom.ind.br\/blog\/conheca-os-10-mitos-e-verdades-sobre-isolamento-acustico\/\" rel=\"bookmark\"><span class=\"screen-reader-text\">Conhe\u00e7a os 10 Mitos e Verdades sobre Isolamento Ac\u00fastico<\/span><\/a><\/p>\n","protected":false},"author":1,"featured_media":167,"comment_status":"open","ping_status":"open","sticky":false,"template":"","format":"standard","meta":{"neve_meta_sidebar":"","neve_meta_container":"","neve_meta_enable_content_width":"","neve_meta_content_width":0,"neve_meta_title_alignment":"","neve_meta_author_avatar":"","neve_post_elements_order":"","neve_meta_disable_header":"","neve_meta_disable_footer":"","neve_meta_disable_title":"","footnotes":""},"categories":[4],"tags":[16,20,32,36,7],"class_list":["post-166","post","type-post","status-publish","format-standard","has-post-thumbnail","hentry","category-acustica","tag-arquitetura","tag-construcaocivil","tag-isolamentoacustico","tag-portaacustica","tag-vibrasom"],"_links":{"self":[{"href":"https:\/\/vibrasom.ind.br\/blog\/wp-json\/wp\/v2\/posts\/166","targetHints":{"allow":["GET"]}}],"collection":[{"href":"https:\/\/vibrasom.ind.br\/blog\/wp-json\/wp\/v2\/posts"}],"about":[{"href":"https:\/\/vibrasom.ind.br\/blog\/wp-json\/wp\/v2\/types\/post"}],"author":[{"embeddable":true,"href":"https:\/\/vibrasom.ind.br\/blog\/wp-json\/wp\/v2\/users\/1"}],"replies":[{"embeddable":true,"href":"https:\/\/vibrasom.ind.br\/blog\/wp-json\/wp\/v2\/comments?post=166"}],"version-history":[{"count":0,"href":"https:\/\/vibrasom.ind.br\/blog\/wp-json\/wp\/v2\/posts\/166\/revisions"}],"wp:featuredmedia":[{"embeddable":true,"href":"https:\/\/vibrasom.ind.br\/blog\/wp-json\/wp\/v2\/media\/167"}],"wp:attachment":[{"href":"https:\/\/vibrasom.ind.br\/blog\/wp-json\/wp\/v2\/media?parent=166"}],"wp:term":[{"taxonomy":"category","embeddable":true,"href":"https:\/\/vibrasom.ind.br\/blog\/wp-json\/wp\/v2\/categories?post=166"},{"taxonomy":"post_tag","embeddable":true,"href":"https:\/\/vibrasom.ind.br\/blog\/wp-json\/wp\/v2\/tags?post=166"}],"curies":[{"name":"wp","href":"https:\/\/api.w.org\/{rel}","templated":true}]}}