{"id":221,"date":"2023-03-01T17:05:22","date_gmt":"2023-03-01T20:05:22","guid":{"rendered":"https:\/\/vibrasom.ind.br\/blog\/?p=221"},"modified":"2024-08-22T10:27:10","modified_gmt":"2024-08-22T13:27:10","slug":"graus-de-perda-auditiva","status":"publish","type":"post","link":"https:\/\/vibrasom.ind.br\/blog\/graus-de-perda-auditiva\/","title":{"rendered":"<strong>Quais s\u00e3o os graus de perda auditiva?<\/strong>"},"content":{"rendered":"\n<p>Voc\u00ea sabe quais s\u00e3o os graus de perda auditiva? A Vibrasom Tecnologia Ac\u00fastica preparou um conte\u00fado especial sobre o assunto. Confira!<\/p>\n\n\n\n<p>Os graus de perda auditiva s\u00e3o determinados, segundo a Organiza\u00e7\u00e3o Mundial de Sa\u00fade (OMS), pela m\u00e9dia dos limiares auditivos da via a\u00e9rea, nas frequ\u00eancias de 500 Hz, 1.000 Hz, 2.000 Hz e 4000 Hz.<\/p>\n\n\n\n<p>Neste artigo, vamos explicar mais a respeito da classifica\u00e7\u00e3o dos graus das perdas auditivas. Boa leitura!<\/p>\n\n\n\n<div id=\"ez-toc-container\" class=\"ez-toc-v2_0_81 counter-hierarchy ez-toc-counter ez-toc-grey ez-toc-container-direction\">\n<div class=\"ez-toc-title-container\">\n<p class=\"ez-toc-title\" style=\"cursor:inherit\">\u00cdndice<\/p>\n<span class=\"ez-toc-title-toggle\"><a href=\"#\" class=\"ez-toc-pull-right ez-toc-btn ez-toc-btn-xs ez-toc-btn-default ez-toc-toggle\" aria-label=\"Alternar tabela de conte\u00fado\"><span class=\"ez-toc-js-icon-con\"><span class=\"\"><span class=\"eztoc-hide\" style=\"display:none;\">Toggle<\/span><span class=\"ez-toc-icon-toggle-span\"><svg style=\"fill: #999;color:#999\" xmlns=\"http:\/\/www.w3.org\/2000\/svg\" class=\"list-377408\" width=\"20px\" height=\"20px\" viewBox=\"0 0 24 24\" fill=\"none\"><path d=\"M6 6H4v2h2V6zm14 0H8v2h12V6zM4 11h2v2H4v-2zm16 0H8v2h12v-2zM4 16h2v2H4v-2zm16 0H8v2h12v-2z\" fill=\"currentColor\"><\/path><\/svg><svg style=\"fill: #999;color:#999\" class=\"arrow-unsorted-368013\" xmlns=\"http:\/\/www.w3.org\/2000\/svg\" width=\"10px\" height=\"10px\" viewBox=\"0 0 24 24\" version=\"1.2\" baseProfile=\"tiny\"><path d=\"M18.2 9.3l-6.2-6.3-6.2 6.3c-.2.2-.3.4-.3.7s.1.5.3.7c.2.2.4.3.7.3h11c.3 0 .5-.1.7-.3.2-.2.3-.5.3-.7s-.1-.5-.3-.7zM5.8 14.7l6.2 6.3 6.2-6.3c.2-.2.3-.5.3-.7s-.1-.5-.3-.7c-.2-.2-.4-.3-.7-.3h-11c-.3 0-.5.1-.7.3-.2.2-.3.5-.3.7s.1.5.3.7z\"\/><\/svg><\/span><\/span><\/span><\/a><\/span><\/div>\n<nav><ul class='ez-toc-list ez-toc-list-level-1 ' ><li class='ez-toc-page-1 ez-toc-heading-level-2'><a class=\"ez-toc-link ez-toc-heading-1\" href=\"https:\/\/vibrasom.ind.br\/blog\/graus-de-perda-auditiva\/#Graus_de_perda_auditiva_Veja_como_e_feita_a_classificacao\" >Graus de perda auditiva: Veja como \u00e9 feita a classifica\u00e7\u00e3o<\/a><\/li><li class='ez-toc-page-1 ez-toc-heading-level-2'><a class=\"ez-toc-link ez-toc-heading-2\" href=\"https:\/\/vibrasom.ind.br\/blog\/graus-de-perda-auditiva\/#Por_que_e_importante_saber_os_graus_de_perda_auditiva\" >Por que \u00e9 importante saber os graus de perda auditiva?<\/a><\/li><li class='ez-toc-page-1 ez-toc-heading-level-2'><a class=\"ez-toc-link ez-toc-heading-3\" href=\"https:\/\/vibrasom.ind.br\/blog\/graus-de-perda-auditiva\/#Quais_sao_as_principais_caracteristicas_de_uma_perda_auditiva\" >Quais s\u00e3o as principais caracter\u00edsticas de uma perda auditiva?<\/a><\/li><li class='ez-toc-page-1 ez-toc-heading-level-2'><a class=\"ez-toc-link ez-toc-heading-4\" href=\"https:\/\/vibrasom.ind.br\/blog\/graus-de-perda-auditiva\/#Sobre_a_Vibrasom_Tecnologia_Acustica\" >Sobre a Vibrasom Tecnologia Ac\u00fastica<\/a><ul class='ez-toc-list-level-3' ><li class='ez-toc-heading-level-3'><a class=\"ez-toc-link ez-toc-heading-5\" href=\"https:\/\/vibrasom.ind.br\/blog\/graus-de-perda-auditiva\/#VIBRASOM_TECNOLOGIA_ACUSTICA\" >VIBRASOM TECNOLOGIA AC\u00daSTICA<\/a><\/li><\/ul><\/li><\/ul><\/nav><\/div>\n<h2 class=\"wp-block-heading\"><span class=\"ez-toc-section\" id=\"Graus_de_perda_auditiva_Veja_como_e_feita_a_classificacao\"><\/span><strong>Graus de perda auditiva: Veja como \u00e9 feita a classifica\u00e7\u00e3o<\/strong><span class=\"ez-toc-section-end\"><\/span><\/h2>\n\n\n\n<p>Quer saber como \u00e9 feita a classifica\u00e7\u00e3o dos graus da perda auditiva?<\/p>\n\n\n\n<p>Confira o quadro abaixo!<\/p>\n\n\n\n<figure class=\"wp-block-image\"><img decoding=\"async\" data-src=\"https:\/\/lh4.googleusercontent.com\/DdU6km3vCV2WWyb5qAfdDFMeRVnKiphzxrdp0S_r2plS2SxlZcVHt2ok82Qpu-bT3sKdMDEyqiC7lsWo0lT4bPaElLQSxnjUtTb4iLUyglC0aakAZ_ga04DtCal_EGp1062vbYVB7CyXhHbhTNjhwA\" alt=\"\" src=\"data:image\/svg+xml;base64,PHN2ZyB3aWR0aD0iMSIgaGVpZ2h0PSIxIiB4bWxucz0iaHR0cDovL3d3dy53My5vcmcvMjAwMC9zdmciPjwvc3ZnPg==\" class=\"lazyload\" \/><\/figure>\n\n\n\n<p><strong><em>Quadro: <\/em><\/strong><em>Classifica\u00e7\u00e3o do grau das perdas auditivas. (Fonte: Conselho Federal de Fonoaudiologia).<\/em><\/p>\n\n\n\n<p>No quadro \u00e9 poss\u00edvel constatar:<\/p>\n\n\n\n<p><strong>Limiares de at\u00e9 25 db:&nbsp;<\/strong><\/p>\n\n\n\n<p>Quando a audi\u00e7\u00e3o de um indiv\u00edduo \u00e9 considerada normal;<\/p>\n\n\n\n<p><strong>Limiares entre 26 e 40 db:&nbsp;<\/strong><\/p>\n\n\n\n<p>Quando um indiv\u00edduo possui defici\u00eancia auditiva leve;<\/p>\n\n\n\n<p><strong>Limiares entre 41 e 60 db:<\/strong>&nbsp;<\/p>\n\n\n\n<p>Quando o indiv\u00edduo tem defici\u00eancia auditiva moderada;<\/p>\n\n\n\n<p> <strong>Limiares entre 61 e 80 db:<\/strong><\/p>\n\n\n\n<p>Quando a classifica\u00e7\u00e3o da defici\u00eancia auditiva de um indiv\u00edduo \u00e9 considerada severa;<\/p>\n\n\n\n<p><strong>Limiares acima de 81db:<\/strong><\/p>\n\n\n\n<p>Quando um indiv\u00edduo tem limiares piores que 81 db, pode-se confirmar que a defici\u00eancia auditiva \u00e9 profunda.<\/p>\n\n\n\n<p>Os graus de perda auditiva moderada, severas e profundas s\u00e3o descritos pela OMS como perdas auditivas incapacitantes.&nbsp;<\/p>\n\n\n\n<h2 class=\"wp-block-heading\"><span class=\"ez-toc-section\" id=\"Por_que_e_importante_saber_os_graus_de_perda_auditiva\"><\/span><strong>Por que \u00e9 importante saber os graus de perda auditiva?<\/strong><span class=\"ez-toc-section-end\"><\/span><\/h2>\n\n\n\n<p>\u00c9 importante saber porque possui rela\u00e7\u00e3o com as pol\u00edticas vigentes no Brasil, ou seja, determina as regras de concess\u00e3o do aparelho de amplifica\u00e7\u00e3o sonora individual tanto para pessoas adultas quanto para crian\u00e7as de at\u00e9 15 anos.<\/p>\n\n\n\n<p>Para os adultos, a concess\u00e3o s\u00f3 pode ser feita quando existe uma perda auditiva bilateral permanente que apresentem no melhor ouvido, a m\u00e9dia dos limiares tonais nas frequ\u00eancias de 500 Hz, 1.000 Hz, 2.000 Hz e 4000 Hz, acima de 40 db.<\/p>\n\n\n\n<p>A mesma regra \u00e9 v\u00e1lida para as crian\u00e7as, mas \u00e9 preciso levar em considera\u00e7\u00e3o a m\u00e9dia dos limiares tonais nas frequ\u00eancias de 500 Hz, 1.000 Hz, 2.000 Hz e 4000 Hz.&nbsp;<\/p>\n\n\n\n<p>Por\u00e9m, \u00e9 importante ressaltar que a m\u00e9dia precisa ficar acima de 30 db.<\/p>\n\n\n\n<h2 class=\"wp-block-heading\"><span class=\"ez-toc-section\" id=\"Quais_sao_as_principais_caracteristicas_de_uma_perda_auditiva\"><\/span><strong>Quais s\u00e3o as principais caracter\u00edsticas de uma perda auditiva?<\/strong><span class=\"ez-toc-section-end\"><\/span><\/h2>\n\n\n\n<p>&nbsp;Para entender as caracter\u00edsticas de uma perda auditiva \u00e9 necess\u00e1rio classificar de acordo com o seu tipo (condutiva, sensorioneural ou mista) e grau (leve, moderada, severa ou profunda). Lembrando que o uso de percentuais s\u00f3 pode ser validado para medir acertos e erros em testes de fala.<\/p>\n\n\n\n<p>O grau de perda auditiva pode refletir diretamente no desenvolvimento de uma pessoa com defici\u00eancia auditiva, por exemplo: quanto maior for a perda auditiva, menor ser\u00e1 a informa\u00e7\u00e3o de fala que \u00e9 recebida.<\/p>\n\n\n\n<p>Voc\u00ea gostou do nosso conte\u00fado sobre os graus da perda auditiva e gostaria de mais informa\u00e7\u00f5es a respeito dos equipamentos fornecidos pela Vibrasom?<\/p>\n\n\n\n<p>Entre em contato com a nossa equipe de atendimento, clicando <a href=\"https:\/\/vibrasom.ind.br\/contato\/\">aqui!<\/a><\/p>\n\n\n\n<h2 class=\"wp-block-heading\"><span class=\"ez-toc-section\" id=\"Sobre_a_Vibrasom_Tecnologia_Acustica\"><\/span><strong>Sobre a Vibrasom Tecnologia Ac\u00fastica<\/strong><span class=\"ez-toc-section-end\"><\/span><\/h2>\n\n\n\n<p>A Vibrasom Tecnologia Ac\u00fastica \u00e9 uma empresa dedicada ao desenvolvimento, manufatura e fornecimento de produtos para controle de ru\u00eddo e condicionamento ac\u00fastico.<\/p>\n\n\n\n<p>Fabrica a maior e mais completa linha de cabines audiom\u00e9tricas do mercado nacional, desde modelos port\u00e1teis at\u00e9 modelos para \u00e1udio de campo. Al\u00e9m das cabines fabrica o audi\u00f4metro digital&nbsp;<strong>AVS-500<\/strong>&nbsp;e o<strong>&nbsp;AVS-800<\/strong>&nbsp;(2 Canais).<\/p>\n\n\n\n<p>Confira abaixo alguns dos nossos produtos de audiologia:<\/p>\n\n\n\n<ul class=\"wp-block-list\">\n<li><a href=\"https:\/\/vibrasom.ind.br\/audiometro-avs-500\/\"><strong>Audiometro AVS-500<\/strong><\/a><\/li>\n\n\n\n<li><a href=\"https:\/\/vibrasom.ind.br\/audiometro-avs-800\/\"><strong>Audiometro AVS-800<\/strong><\/a><\/li>\n\n\n\n<li><a href=\"https:\/\/vibrasom.ind.br\/cabines-audiometricas\/\"><strong>Cabines Audiometricas<\/strong><\/a><\/li>\n<\/ul>\n\n\n\n<h3 class=\"wp-block-heading\"><span class=\"ez-toc-section\" id=\"VIBRASOM_TECNOLOGIA_ACUSTICA\"><\/span><strong>VIBRASOM TECNOLOGIA AC\u00daSTICA<\/strong><span class=\"ez-toc-section-end\"><\/span><\/h3>\n\n\n\n<p>11 3506 &#8211; 5087&nbsp;<\/p>\n\n\n\n<p>11 9 9967 6973 &#8211; Ac\u00fastica<\/p>\n\n\n\n<p>11 9 7107 4218 &#8211; Audiologia<\/p>\n\n\n\n<p>E-mail: <a href=\"mailto:vibrasom@vibrasom.ind.br\">vibrasom@vibrasom.ind.br<\/a><\/p>\n","protected":false},"excerpt":{"rendered":"<p>Voc\u00ea sabe quais s\u00e3o os graus de perda auditiva? A Vibrasom Tecnologia Ac\u00fastica preparou um conte\u00fado especial sobre o assunto. Confira! Os graus de perda auditiva s\u00e3o determinados, segundo a Organiza\u00e7\u00e3o Mundial de Sa\u00fade (OMS), pela m\u00e9dia dos limiares auditivos da via a\u00e9rea, nas frequ\u00eancias de 500 Hz, 1.000 Hz, 2.000 Hz e 4000 Hz.&hellip;&nbsp;<a href=\"https:\/\/vibrasom.ind.br\/blog\/graus-de-perda-auditiva\/\" rel=\"bookmark\"><span class=\"screen-reader-text\"><strong>Quais s\u00e3o os graus de perda auditiva?<\/strong><\/span><\/a><\/p>\n","protected":false},"author":1,"featured_media":223,"comment_status":"open","ping_status":"open","sticky":false,"template":"","format":"standard","meta":{"neve_meta_sidebar":"","neve_meta_container":"","neve_meta_enable_content_width":"","neve_meta_content_width":0,"neve_meta_title_alignment":"","neve_meta_author_avatar":"","neve_post_elements_order":"","neve_meta_disable_header":"","neve_meta_disable_footer":"","neve_meta_disable_title":"","footnotes":""},"categories":[136],"tags":[24,23,26,45,7],"class_list":["post-221","post","type-post","status-publish","format-standard","has-post-thumbnail","hentry","category-audiologia","tag-audiologia","tag-audiometria","tag-fonoaudiologia","tag-perda-auditiva","tag-vibrasom"],"_links":{"self":[{"href":"https:\/\/vibrasom.ind.br\/blog\/wp-json\/wp\/v2\/posts\/221","targetHints":{"allow":["GET"]}}],"collection":[{"href":"https:\/\/vibrasom.ind.br\/blog\/wp-json\/wp\/v2\/posts"}],"about":[{"href":"https:\/\/vibrasom.ind.br\/blog\/wp-json\/wp\/v2\/types\/post"}],"author":[{"embeddable":true,"href":"https:\/\/vibrasom.ind.br\/blog\/wp-json\/wp\/v2\/users\/1"}],"replies":[{"embeddable":true,"href":"https:\/\/vibrasom.ind.br\/blog\/wp-json\/wp\/v2\/comments?post=221"}],"version-history":[{"count":0,"href":"https:\/\/vibrasom.ind.br\/blog\/wp-json\/wp\/v2\/posts\/221\/revisions"}],"wp:featuredmedia":[{"embeddable":true,"href":"https:\/\/vibrasom.ind.br\/blog\/wp-json\/wp\/v2\/media\/223"}],"wp:attachment":[{"href":"https:\/\/vibrasom.ind.br\/blog\/wp-json\/wp\/v2\/media?parent=221"}],"wp:term":[{"taxonomy":"category","embeddable":true,"href":"https:\/\/vibrasom.ind.br\/blog\/wp-json\/wp\/v2\/categories?post=221"},{"taxonomy":"post_tag","embeddable":true,"href":"https:\/\/vibrasom.ind.br\/blog\/wp-json\/wp\/v2\/tags?post=221"}],"curies":[{"name":"wp","href":"https:\/\/api.w.org\/{rel}","templated":true}]}}