{"id":286,"date":"2023-06-05T14:35:31","date_gmt":"2023-06-05T17:35:31","guid":{"rendered":"https:\/\/vibrasom.ind.br\/blog\/?p=286"},"modified":"2024-08-22T10:25:46","modified_gmt":"2024-08-22T13:25:46","slug":"reabilitacao-auditiva","status":"publish","type":"post","link":"https:\/\/vibrasom.ind.br\/blog\/reabilitacao-auditiva\/","title":{"rendered":"O que \u00e9 reabilita\u00e7\u00e3o auditiva?"},"content":{"rendered":"\n<p>Precisa saber o que \u00e9 reabilita\u00e7\u00e3o auditiva? A Vibrasom preparou um conte\u00fado especial para voc\u00ea entender mais sobre o assunto. Confira!<\/p>\n\n\n\n<p>Mas, antes precisamos explicar sobre a perda auditiva.<\/p>\n\n\n\n<p>A perda auditiva \u00e9 uma condi\u00e7\u00e3o que afeta a capacidade de uma pessoa de ouvir sons de maneira parcial ou total. Pode ocorrer em diferentes graus e ter diversas causas, ou seja, pode ser tempor\u00e1ria ou permanente.<\/p>\n\n\n\n<div id=\"ez-toc-container\" class=\"ez-toc-v2_0_81 counter-hierarchy ez-toc-counter ez-toc-grey ez-toc-container-direction\">\n<div class=\"ez-toc-title-container\">\n<p class=\"ez-toc-title\" style=\"cursor:inherit\">\u00cdndice<\/p>\n<span class=\"ez-toc-title-toggle\"><a href=\"#\" class=\"ez-toc-pull-right ez-toc-btn ez-toc-btn-xs ez-toc-btn-default ez-toc-toggle\" aria-label=\"Alternar tabela de conte\u00fado\"><span class=\"ez-toc-js-icon-con\"><span class=\"\"><span class=\"eztoc-hide\" style=\"display:none;\">Toggle<\/span><span class=\"ez-toc-icon-toggle-span\"><svg style=\"fill: #999;color:#999\" xmlns=\"http:\/\/www.w3.org\/2000\/svg\" class=\"list-377408\" width=\"20px\" height=\"20px\" viewBox=\"0 0 24 24\" fill=\"none\"><path d=\"M6 6H4v2h2V6zm14 0H8v2h12V6zM4 11h2v2H4v-2zm16 0H8v2h12v-2zM4 16h2v2H4v-2zm16 0H8v2h12v-2z\" fill=\"currentColor\"><\/path><\/svg><svg style=\"fill: #999;color:#999\" class=\"arrow-unsorted-368013\" xmlns=\"http:\/\/www.w3.org\/2000\/svg\" width=\"10px\" height=\"10px\" viewBox=\"0 0 24 24\" version=\"1.2\" baseProfile=\"tiny\"><path d=\"M18.2 9.3l-6.2-6.3-6.2 6.3c-.2.2-.3.4-.3.7s.1.5.3.7c.2.2.4.3.7.3h11c.3 0 .5-.1.7-.3.2-.2.3-.5.3-.7s-.1-.5-.3-.7zM5.8 14.7l6.2 6.3 6.2-6.3c.2-.2.3-.5.3-.7s-.1-.5-.3-.7c-.2-.2-.4-.3-.7-.3h-11c-.3 0-.5.1-.7.3-.2.2-.3.5-.3.7s.1.5.3.7z\"\/><\/svg><\/span><\/span><\/span><\/a><\/span><\/div>\n<nav><ul class='ez-toc-list ez-toc-list-level-1 ' ><li class='ez-toc-page-1 ez-toc-heading-level-2'><a class=\"ez-toc-link ez-toc-heading-1\" href=\"https:\/\/vibrasom.ind.br\/blog\/reabilitacao-auditiva\/#Entenda_o_que_e_reabilitacao_auditiva\" >Entenda o que \u00e9 reabilita\u00e7\u00e3o auditiva<\/a><\/li><li class='ez-toc-page-1 ez-toc-heading-level-2'><a class=\"ez-toc-link ez-toc-heading-2\" href=\"https:\/\/vibrasom.ind.br\/blog\/reabilitacao-auditiva\/#Saiba_mais_sobre_a_reabilitacao_auditiva_Profissionais_e_objetivo_principal\" >Saiba mais sobre a reabilita\u00e7\u00e3o auditiva: Profissionais e objetivo principal<\/a><\/li><li class='ez-toc-page-1 ez-toc-heading-level-2'><a class=\"ez-toc-link ez-toc-heading-3\" href=\"https:\/\/vibrasom.ind.br\/blog\/reabilitacao-auditiva\/#Confira_os_beneficios_da_reabilitacao_auditiva\" >Confira os benef\u00edcios da reabilita\u00e7\u00e3o auditiva<\/a><\/li><li class='ez-toc-page-1 ez-toc-heading-level-2'><a class=\"ez-toc-link ez-toc-heading-4\" href=\"https:\/\/vibrasom.ind.br\/blog\/reabilitacao-auditiva\/#Conheca_as_5_principais_abordagens_da_reabilitacao_auditiva\" >Conhe\u00e7a as 5 principais abordagens da reabilita\u00e7\u00e3o auditiva<\/a><\/li><li class='ez-toc-page-1 ez-toc-heading-level-2'><a class=\"ez-toc-link ez-toc-heading-5\" href=\"https:\/\/vibrasom.ind.br\/blog\/reabilitacao-auditiva\/#CONHECA_A_VIBRASOM_TECNOLOGIA_ACUSTICA\" >CONHE\u00c7A A VIBRASOM TECNOLOGIA AC\u00daSTICA<\/a><ul class='ez-toc-list-level-3' ><li class='ez-toc-heading-level-3'><a class=\"ez-toc-link ez-toc-heading-6\" href=\"https:\/\/vibrasom.ind.br\/blog\/reabilitacao-auditiva\/#VIBRASOM_TECNOLOGIA_ACUSTICA\" >VIBRASOM TECNOLOGIA AC\u00daSTICA<\/a><\/li><\/ul><\/li><\/ul><\/nav><\/div>\n<h2 class=\"wp-block-heading\"><span class=\"ez-toc-section\" id=\"Entenda_o_que_e_reabilitacao_auditiva\"><\/span><strong>Entenda o que \u00e9 reabilita\u00e7\u00e3o auditiva<\/strong><span class=\"ez-toc-section-end\"><\/span><\/h2>\n\n\n\n<p>A reabilita\u00e7\u00e3o auditiva \u00e9 um processo terap\u00eautico que visa ajudar pessoas com perda auditiva a maximizar sua capacidade de comunica\u00e7\u00e3o e intera\u00e7\u00e3o auditiva.<\/p>\n\n\n\n<p>Neste artigo, vamos explicar a import\u00e2ncia da reabilita\u00e7\u00e3o auditiva, bem como suas abordagens e os benef\u00edcios. Boa leitura!<\/p>\n\n\n\n<h2 class=\"wp-block-heading\"><span class=\"ez-toc-section\" id=\"Saiba_mais_sobre_a_reabilitacao_auditiva_Profissionais_e_objetivo_principal\"><\/span><strong>Saiba mais sobre a reabilita\u00e7\u00e3o auditiva: Profissionais e objetivo principal<\/strong><span class=\"ez-toc-section-end\"><\/span><\/h2>\n\n\n\n<p>A reabilita\u00e7\u00e3o auditiva envolve uma abordagem multidisciplinar e conta com a colabora\u00e7\u00e3o de diversos profissionais da \u00e1rea da sa\u00fade, tais como: m\u00e9dicos otorrinolaringologistas, fonoaudi\u00f3logos e terapeutas ocupacionais.<\/p>\n\n\n\n<p>O principal objetivo \u00e9 fornecer um atendimento personalizado para atender \u00e0s necessidades individuais de cada paciente.<\/p>\n\n\n\n<p><strong>Leia tamb\u00e9m:<\/strong><\/p>\n\n\n\n<ul class=\"wp-block-list\">\n<li><a href=\"https:\/\/vibrasom.ind.br\/blog\/norma-nr6\/\"><strong>Norma NR6: Qual o objetivo do Programa de Conserva\u00e7\u00e3o Auditiva?<\/strong><\/a><\/li>\n\n\n\n<li><a href=\"https:\/\/vibrasom.ind.br\/blog\/isolamento-acustico-caseiro\/\"><strong>Como fazer isolamento ac\u00fastico caseiro?<\/strong><\/a><\/li>\n\n\n\n<li><a href=\"https:\/\/vibrasom.ind.br\/blog\/graus-de-perda-auditiva\/\"><strong>Quais s\u00e3o os graus de perda auditiva?<\/strong><\/a><\/li>\n\n\n\n<li><a href=\"https:\/\/vibrasom.ind.br\/blog\/calcular-o-srt\/\"><strong>Saiba como calcular o SRT de audiometria<\/strong><\/a><\/li>\n\n\n\n<li><a href=\"https:\/\/vibrasom.ind.br\/blog\/interpretar-uma-audiometria\/\"><strong>Como interpretar uma audiometria: Veja o passo a passo<\/strong><\/a><\/li>\n<\/ul>\n\n\n\n<h2 class=\"wp-block-heading\"><span class=\"ez-toc-section\" id=\"Confira_os_beneficios_da_reabilitacao_auditiva\"><\/span><strong>Confira os benef\u00edcios da reabilita\u00e7\u00e3o auditiva<\/strong><span class=\"ez-toc-section-end\"><\/span><\/h2>\n\n\n\n<p>Voc\u00ea sabia que a reabilita\u00e7\u00e3o auditiva oferece uma s\u00e9rie de benef\u00edcios para os indiv\u00edduos com perda auditiva? Confira abaixo:<\/p>\n\n\n\n<p>\u2022 Melhoria na comunica\u00e7\u00e3o e na qualidade das rela\u00e7\u00f5es interpessoais;<\/p>\n\n\n\n<p>\u2022 Aumento da autoconfian\u00e7a e autoestima;<\/p>\n\n\n\n<p>\u2022 Melhoria na qualidade de vida geral;<\/p>\n\n\n\n<p>\u2022 Redu\u00e7\u00e3o do isolamento social e da depress\u00e3o;<\/p>\n\n\n\n<p>\u2022 Melhor desempenho acad\u00eamico e profissional;<\/p>\n\n\n\n<p>\u2022 Maior seguran\u00e7a e consci\u00eancia ambiental.<\/p>\n\n\n\n<p>A reabilita\u00e7\u00e3o auditiva \u00e9 uma abordagem abrangente e valiosa para ajudar as pessoas a recuperarem sua audi\u00e7\u00e3o e a desfrutarem de uma vida mais gratificante.<\/p>\n\n\n\n<h2 class=\"wp-block-heading\"><span class=\"ez-toc-section\" id=\"Conheca_as_5_principais_abordagens_da_reabilitacao_auditiva\"><\/span><strong>Conhe\u00e7a as 5 principais abordagens da reabilita\u00e7\u00e3o auditiva<\/strong><span class=\"ez-toc-section-end\"><\/span><\/h2>\n\n\n\n<p>Quer saber mais informa\u00e7\u00f5es a respeito do tema? Confira abaixo as 5 principais abordagens da reabilita\u00e7\u00e3o auditiva:<\/p>\n\n\n\n<ol class=\"wp-block-list\">\n<li><strong>Avalia\u00e7\u00e3o auditiva: <\/strong>A primeira etapa da reabilita\u00e7\u00e3o auditiva envolve uma avalia\u00e7\u00e3o completa da audi\u00e7\u00e3o dos pacientes. Portanto, s\u00e3o aplicados testes de audi\u00e7\u00e3o e exames espec\u00edficos para identificar o tipo e o grau de perda auditiva;<\/li>\n<\/ol>\n\n\n\n<ol class=\"wp-block-list\" start=\"2\">\n<li><strong>Aparelhos auditivos<\/strong>: Ap\u00f3s a avalia\u00e7\u00e3o, os profissionais de sa\u00fade auditiva podem recomendar ao paciente o uso de aparelhos auditivos;<\/li>\n<\/ol>\n\n\n\n<ol class=\"wp-block-list\" start=\"3\">\n<li><strong>Treinamento auditivo: <\/strong>A reabilita\u00e7\u00e3o auditiva tamb\u00e9m pode incluir o treinamento auditivo, na qual envolve exerc\u00edcios e t\u00e9cnicas. \u00c9 uma pr\u00e1tica que visa aperfei\u00e7oar a habilidade de distinguir sons, reconhecer padr\u00f5es auditivos e aprimorar a compreens\u00e3o da fala;<\/li>\n<\/ol>\n\n\n\n<ol class=\"wp-block-list\" start=\"4\">\n<li><strong>Terapia da fala e linguagem: <\/strong>A perda auditiva pode afetar a capacidade de comunica\u00e7\u00e3o e fala. A terapia da fala ajuda os pacientes a desenvolverem habilidades de comunica\u00e7\u00e3o e a maximizarem seu potencial de linguagem;<\/li>\n<\/ol>\n\n\n\n<ol class=\"wp-block-list\" start=\"5\">\n<li><strong>Suporte emocional: <\/strong>A perda auditiva causa impactos emocionais e sociais significativos. Um dos principais objetivos da reabilita\u00e7\u00e3o auditiva \u00e9 tamb\u00e9m fornecer o suporte emocional e aconselhamento aos pacientes.<\/li>\n<\/ol>\n\n\n\n<p><strong>Obs:<\/strong> Lembrando que essas abordagens podem ser combinadas de maneira personalizada, levando sempre em considera\u00e7\u00e3o as necessidades individuais de cada paciente que apresenta perda auditiva.<\/p>\n\n\n\n<p>Com a reabilita\u00e7\u00e3o auditiva \u00e9 poss\u00edvel melhorar a qualidade de vida, facilitar a comunica\u00e7\u00e3o e promover a participa\u00e7\u00e3o plena nas atividades cotidianas.<\/p>\n\n\n\n<p>Voc\u00ea gostou do conte\u00fado especial que a Vibrasom Tecnologia Ac\u00fastica elaborou sobre reabilita\u00e7\u00e3o auditiva? N\u00e3o deixe de fazer o seu coment\u00e1rio!<\/p>\n\n\n\n<h2 class=\"wp-block-heading\"><span class=\"ez-toc-section\" id=\"CONHECA_A_VIBRASOM_TECNOLOGIA_ACUSTICA\"><\/span><strong>CONHE\u00c7A A VIBRASOM TECNOLOGIA AC\u00daSTICA<\/strong><span class=\"ez-toc-section-end\"><\/span><\/h2>\n\n\n\n<p>A Vibrasom, como a maior f\u00e1brica de produtos ac\u00fasticos e audiol\u00f3gicos do Brasil, desempenha um papel importante na \u00e1rea da reabilita\u00e7\u00e3o auditiva. Al\u00e9m de suas <a href=\"https:\/\/vibrasom.ind.br\/cabines-audiometricas\/\">cabines audiom\u00e9tricas<\/a> e <a href=\"https:\/\/vibrasom.ind.br\/audiometro-avs-500\/\">audi\u00f4metros digitais<\/a>, a empresa oferece solu\u00e7\u00f5es que s\u00e3o essenciais para profissionais e cl\u00ednicas que atuam na reabilita\u00e7\u00e3o auditiva.<\/p>\n\n\n\n<p>\u00c9 importante ressaltar que a reabilita\u00e7\u00e3o auditiva n\u00e3o se resume apenas ao uso de cabines audiom\u00e9tricas e audi\u00f4metros. Ela engloba uma variedade de abordagens, como amplifica\u00e7\u00e3o auditiva, treinamento auditivo, terapia de fala e linguagem, tecnologias assistivas, suporte psicossocial e educa\u00e7\u00e3o.<\/p>\n\n\n\n<p>Caso voc\u00ea precise de informa\u00e7\u00f5es adicionais sobre os produtos da Vibrasom, como especifica\u00e7\u00f5es t\u00e9cnicas, disponibilidade ou qualquer outra d\u00favida, clique <a href=\"https:\/\/vibrasom.ind.br\/contato\/\">aqui<\/a>!<\/p>\n\n\n\n<h3 class=\"wp-block-heading\"><span class=\"ez-toc-section\" id=\"VIBRASOM_TECNOLOGIA_ACUSTICA\"><\/span><strong>VIBRASOM TECNOLOGIA AC\u00daSTICA<\/strong><span class=\"ez-toc-section-end\"><\/span><\/h3>\n\n\n\n<p>11 3506 &#8211; 5087<\/p>\n\n\n\n<p>11 9 9967 6973 &#8211; Ac\u00fastica<\/p>\n\n\n\n<p>11 9 7107 4218 &#8211; Audiologia<\/p>\n\n\n\n<p>E-mail: <a href=\"mailto:vibrasom@vibrasom.ind.br\">vibrasom@vibrasom.ind.br<\/a><\/p>\n","protected":false},"excerpt":{"rendered":"<p>Precisa saber o que \u00e9 reabilita\u00e7\u00e3o auditiva? A Vibrasom preparou um conte\u00fado especial para voc\u00ea entender mais sobre o assunto. Confira! Mas, antes precisamos explicar sobre a perda auditiva. A perda auditiva \u00e9 uma condi\u00e7\u00e3o que afeta a capacidade de uma pessoa de ouvir sons de maneira parcial ou total. Pode ocorrer em diferentes graus&hellip;&nbsp;<a href=\"https:\/\/vibrasom.ind.br\/blog\/reabilitacao-auditiva\/\" rel=\"bookmark\"><span class=\"screen-reader-text\">O que \u00e9 reabilita\u00e7\u00e3o auditiva?<\/span><\/a><\/p>\n","protected":false},"author":1,"featured_media":288,"comment_status":"open","ping_status":"open","sticky":false,"template":"","format":"standard","meta":{"neve_meta_sidebar":"","neve_meta_container":"","neve_meta_enable_content_width":"","neve_meta_content_width":0,"neve_meta_title_alignment":"","neve_meta_author_avatar":"","neve_post_elements_order":"","neve_meta_disable_header":"","neve_meta_disable_footer":"","neve_meta_disable_title":"","footnotes":""},"categories":[136],"tags":[24,23,42,26,62,7],"class_list":["post-286","post","type-post","status-publish","format-standard","has-post-thumbnail","hentry","category-audiologia","tag-audiologia","tag-audiometria","tag-audiometria-ocupacional","tag-fonoaudiologia","tag-reabilitacao-auditiva","tag-vibrasom"],"_links":{"self":[{"href":"https:\/\/vibrasom.ind.br\/blog\/wp-json\/wp\/v2\/posts\/286","targetHints":{"allow":["GET"]}}],"collection":[{"href":"https:\/\/vibrasom.ind.br\/blog\/wp-json\/wp\/v2\/posts"}],"about":[{"href":"https:\/\/vibrasom.ind.br\/blog\/wp-json\/wp\/v2\/types\/post"}],"author":[{"embeddable":true,"href":"https:\/\/vibrasom.ind.br\/blog\/wp-json\/wp\/v2\/users\/1"}],"replies":[{"embeddable":true,"href":"https:\/\/vibrasom.ind.br\/blog\/wp-json\/wp\/v2\/comments?post=286"}],"version-history":[{"count":0,"href":"https:\/\/vibrasom.ind.br\/blog\/wp-json\/wp\/v2\/posts\/286\/revisions"}],"wp:featuredmedia":[{"embeddable":true,"href":"https:\/\/vibrasom.ind.br\/blog\/wp-json\/wp\/v2\/media\/288"}],"wp:attachment":[{"href":"https:\/\/vibrasom.ind.br\/blog\/wp-json\/wp\/v2\/media?parent=286"}],"wp:term":[{"taxonomy":"category","embeddable":true,"href":"https:\/\/vibrasom.ind.br\/blog\/wp-json\/wp\/v2\/categories?post=286"},{"taxonomy":"post_tag","embeddable":true,"href":"https:\/\/vibrasom.ind.br\/blog\/wp-json\/wp\/v2\/tags?post=286"}],"curies":[{"name":"wp","href":"https:\/\/api.w.org\/{rel}","templated":true}]}}