{"id":311,"date":"2023-06-23T09:47:00","date_gmt":"2023-06-23T12:47:00","guid":{"rendered":"https:\/\/vibrasom.ind.br\/blog\/?p=311"},"modified":"2024-08-22T10:25:29","modified_gmt":"2024-08-22T13:25:29","slug":"teste-de-audicao","status":"publish","type":"post","link":"https:\/\/vibrasom.ind.br\/blog\/teste-de-audicao\/","title":{"rendered":"Benef\u00edcios do teste audi\u00e7\u00e3o e cabines audiom\u00e9tricas"},"content":{"rendered":"\n<p>A Vibrasom Tecnologia Ac\u00fastica elaborou um conte\u00fado especial para voc\u00ea compreender a import\u00e2ncia das <a href=\"https:\/\/vibrasom.ind.br\/cabines-audiometricas\/\">cabines audiom\u00e9tricas<\/a> no diagn\u00f3stico e tratamento de problemas auditivos durante o seu teste de audi\u00e7\u00e3o. Confira!<\/p>\n\n\n\n<p>De fato, a audi\u00e7\u00e3o \u00e9 essencial para a comunica\u00e7\u00e3o e intera\u00e7\u00e3o com o mundo, mas problemas auditivos s\u00e3o comuns e afetam negativamente a qualidade de vida.&nbsp;<\/p>\n\n\n\n<p>Portanto, diagnosticar e tratar esses problemas de forma precoce s\u00e3o fundamentais para reduzir suas consequ\u00eancias. Neste artigo, vamos explorar a import\u00e2ncia das cabines audiom\u00e9tricas no processo de identifica\u00e7\u00e3o e tratamento de dist\u00farbios auditivos. Tenha uma boa leitura!<\/p>\n\n\n\n<div id=\"ez-toc-container\" class=\"ez-toc-v2_0_81 counter-hierarchy ez-toc-counter ez-toc-grey ez-toc-container-direction\">\n<div class=\"ez-toc-title-container\">\n<p class=\"ez-toc-title\" style=\"cursor:inherit\">\u00cdndice<\/p>\n<span class=\"ez-toc-title-toggle\"><a href=\"#\" class=\"ez-toc-pull-right ez-toc-btn ez-toc-btn-xs ez-toc-btn-default ez-toc-toggle\" aria-label=\"Alternar tabela de conte\u00fado\"><span class=\"ez-toc-js-icon-con\"><span class=\"\"><span class=\"eztoc-hide\" style=\"display:none;\">Toggle<\/span><span class=\"ez-toc-icon-toggle-span\"><svg style=\"fill: #999;color:#999\" xmlns=\"http:\/\/www.w3.org\/2000\/svg\" class=\"list-377408\" width=\"20px\" height=\"20px\" viewBox=\"0 0 24 24\" fill=\"none\"><path d=\"M6 6H4v2h2V6zm14 0H8v2h12V6zM4 11h2v2H4v-2zm16 0H8v2h12v-2zM4 16h2v2H4v-2zm16 0H8v2h12v-2z\" fill=\"currentColor\"><\/path><\/svg><svg style=\"fill: #999;color:#999\" class=\"arrow-unsorted-368013\" xmlns=\"http:\/\/www.w3.org\/2000\/svg\" width=\"10px\" height=\"10px\" viewBox=\"0 0 24 24\" version=\"1.2\" baseProfile=\"tiny\"><path d=\"M18.2 9.3l-6.2-6.3-6.2 6.3c-.2.2-.3.4-.3.7s.1.5.3.7c.2.2.4.3.7.3h11c.3 0 .5-.1.7-.3.2-.2.3-.5.3-.7s-.1-.5-.3-.7zM5.8 14.7l6.2 6.3 6.2-6.3c.2-.2.3-.5.3-.7s-.1-.5-.3-.7c-.2-.2-.4-.3-.7-.3h-11c-.3 0-.5.1-.7.3-.2.2-.3.5-.3.7s.1.5.3.7z\"\/><\/svg><\/span><\/span><\/span><\/a><\/span><\/div>\n<nav><ul class='ez-toc-list ez-toc-list-level-1 ' ><li class='ez-toc-page-1 ez-toc-heading-level-2'><a class=\"ez-toc-link ez-toc-heading-1\" href=\"https:\/\/vibrasom.ind.br\/blog\/teste-de-audicao\/#Teste_de_audicao_Confira_a_importancia_do_diagnostico_precoce\" >Teste de audi\u00e7\u00e3o: Confira a import\u00e2ncia do diagn\u00f3stico precoce<\/a><\/li><li class='ez-toc-page-1 ez-toc-heading-level-2'><a class=\"ez-toc-link ez-toc-heading-2\" href=\"https:\/\/vibrasom.ind.br\/blog\/teste-de-audicao\/#Faca_teste_de_audicao_preciso_em_cabines_audiometricas\" >Fa\u00e7a teste de audi\u00e7\u00e3o preciso em cabines audiom\u00e9tricas<\/a><ul class='ez-toc-list-level-3' ><li class='ez-toc-heading-level-3'><a class=\"ez-toc-link ez-toc-heading-3\" href=\"https:\/\/vibrasom.ind.br\/blog\/teste-de-audicao\/#O_que_e_cabine_audiometrica\" >O que \u00e9 cabine audiom\u00e9trica?<\/a><\/li><\/ul><\/li><li class='ez-toc-page-1 ez-toc-heading-level-2'><a class=\"ez-toc-link ez-toc-heading-4\" href=\"https:\/\/vibrasom.ind.br\/blog\/teste-de-audicao\/#Entenda_as_principais_funcoes_das_cabines_audiometricas_no_diagnostico_de_problemas_auditivos\" >Entenda as principais fun\u00e7\u00f5es das cabines audiom\u00e9tricas no diagn\u00f3stico de problemas auditivos<\/a><\/li><li class='ez-toc-page-1 ez-toc-heading-level-2'><a class=\"ez-toc-link ez-toc-heading-5\" href=\"https:\/\/vibrasom.ind.br\/blog\/teste-de-audicao\/#Teste_de_audicao_Confira_alguns_dos_principais_beneficios_das_cabines_audiometricas\" >Teste de audi\u00e7\u00e3o: Confira alguns dos principais benef\u00edcios das cabines audiom\u00e9tricas<\/a><ul class='ez-toc-list-level-3' ><li class='ez-toc-heading-level-3'><a class=\"ez-toc-link ez-toc-heading-6\" href=\"https:\/\/vibrasom.ind.br\/blog\/teste-de-audicao\/#Precisao_nos_testes\" >Precis\u00e3o nos testes<\/a><\/li><li class='ez-toc-page-1 ez-toc-heading-level-3'><a class=\"ez-toc-link ez-toc-heading-7\" href=\"https:\/\/vibrasom.ind.br\/blog\/teste-de-audicao\/#Isolamento_acustico\" >Isolamento ac\u00fastico<\/a><\/li><li class='ez-toc-page-1 ez-toc-heading-level-3'><a class=\"ez-toc-link ez-toc-heading-8\" href=\"https:\/\/vibrasom.ind.br\/blog\/teste-de-audicao\/#Personalizacao_dos_tratamentos\" >Personaliza\u00e7\u00e3o dos tratamentos<\/a><\/li><li class='ez-toc-page-1 ez-toc-heading-level-3'><a class=\"ez-toc-link ez-toc-heading-9\" href=\"https:\/\/vibrasom.ind.br\/blog\/teste-de-audicao\/#Conforto_e_privacidade\" >Conforto e privacidade<\/a><\/li><li class='ez-toc-page-1 ez-toc-heading-level-3'><a class=\"ez-toc-link ez-toc-heading-10\" href=\"https:\/\/vibrasom.ind.br\/blog\/teste-de-audicao\/#Monitoramento_da_progressao\" >Monitoramento da progress\u00e3o<\/a><\/li><\/ul><\/li><li class='ez-toc-page-1 ez-toc-heading-level-2'><a class=\"ez-toc-link ez-toc-heading-11\" href=\"https:\/\/vibrasom.ind.br\/blog\/teste-de-audicao\/#Adquira_as_cabines_audiometricas_da_Vibrasom\" >Adquira as cabines audiom\u00e9tricas da Vibrasom<\/a><ul class='ez-toc-list-level-3' ><li class='ez-toc-heading-level-3'><a class=\"ez-toc-link ez-toc-heading-12\" href=\"https:\/\/vibrasom.ind.br\/blog\/teste-de-audicao\/#VIBRASOM_TECNOLOGIA_ACUSTICA\" >VIBRASOM TECNOLOGIA AC\u00daSTICA<\/a><\/li><\/ul><\/li><\/ul><\/nav><\/div>\n<h2 class=\"wp-block-heading\"><span class=\"ez-toc-section\" id=\"Teste_de_audicao_Confira_a_importancia_do_diagnostico_precoce\"><\/span><strong>Teste de audi\u00e7\u00e3o: Confira a import\u00e2ncia do diagn\u00f3stico precoce<\/strong><span class=\"ez-toc-section-end\"><\/span><\/h2>\n\n\n\n<p>Quer entender a import\u00e2ncia do teste de audi\u00e7\u00e3o e como ele pode beneficiar sua sa\u00fade auditiva? Acompanhe o conte\u00fado!<\/p>\n\n\n\n<p>A perda da audi\u00e7\u00e3o n\u00e3o tratada pode levar a uma s\u00e9rie de complica\u00e7\u00f5es, tais como: dificuldades de comunica\u00e7\u00e3o, isolamento social, problemas de aprendizado,&nbsp; impacto na sa\u00fade mental, entre outros.<\/p>\n\n\n\n<p>Quando problemas auditivos s\u00e3o identificados precocemente, \u00e9 poss\u00edvel implementar interven\u00e7\u00f5es adequadas que melhoram significativamente a qualidade de vida e previnem complica\u00e7\u00f5es a longo prazo.<\/p>\n\n\n\n<p>Fazer o teste de audi\u00e7\u00e3o \u00e9 fundamental pelos seguintes motivos:<\/p>\n\n\n\n<ul class=\"wp-block-list\">\n<li>Detecta precocemente problemas auditivos;<\/li>\n\n\n\n<li>Possibilita iniciar tratamentos adequados;<\/li>\n\n\n\n<li>Melhoria da qualidade de vida;<\/li>\n\n\n\n<li>Previne complica\u00e7\u00f5es futuras;<\/li>\n\n\n\n<li>Garante uma melhor experi\u00eancia de comunica\u00e7\u00e3o e intera\u00e7\u00e3o com o mundo sonoro ao nosso redor.<\/li>\n<\/ul>\n\n\n\n<p><strong>Leia tamb\u00e9m:<\/strong><\/p>\n\n\n\n<ul class=\"wp-block-list\">\n<li><a href=\"https:\/\/vibrasom.ind.br\/blog\/audicao\/\"><strong>Audi\u00e7\u00e3o: Como a perda auditiva afeta a vida social e emocional?<\/strong><\/a><\/li>\n\n\n\n<li><a href=\"https:\/\/vibrasom.ind.br\/blog\/reabilitacao-auditiva\/\"><strong>O que \u00e9 reabilita\u00e7\u00e3o auditiva?<\/strong><\/a><\/li>\n\n\n\n<li><a href=\"https:\/\/vibrasom.ind.br\/blog\/exame-admissional-e-demissional\/\"><strong>\u00c9 obrigat\u00f3rio fazer exame admissional e demissional?<\/strong><\/a><\/li>\n\n\n\n<li><a href=\"https:\/\/vibrasom.ind.br\/blog\/exame-audiometrico\/\"><strong>Exame audiom\u00e9trico: Pode ser realizado sem o uso da cabine audiom\u00e9trica?<\/strong><\/a><\/li>\n<\/ul>\n\n\n\n<h2 class=\"wp-block-heading\"><span class=\"ez-toc-section\" id=\"Faca_teste_de_audicao_preciso_em_cabines_audiometricas\"><\/span><strong>Fa\u00e7a teste de audi\u00e7\u00e3o preciso em cabines audiom\u00e9tricas<\/strong><span class=\"ez-toc-section-end\"><\/span><\/h2>\n\n\n\n<p>Voc\u00ea vai realizar um teste de audi\u00e7\u00e3o e quer entender o que \u00e9 uma cabine audiom\u00e9trica? Veja abaixo!<\/p>\n\n\n\n<h3 class=\"wp-block-heading\"><span class=\"ez-toc-section\" id=\"O_que_e_cabine_audiometrica\"><\/span><strong>O que \u00e9 cabine audiom\u00e9trica?<\/strong><span class=\"ez-toc-section-end\"><\/span><\/h3>\n\n\n\n<p>As cabines audiom\u00e9tricas s\u00e3o espa\u00e7os projetados para testes de audi\u00e7\u00e3o controlados. Possuem isolamento ac\u00fastico para minimizar o som externo e garantir resultados precisos. Equipadas com <a href=\"https:\/\/vibrasom.ind.br\/audiometro-avs-800\/\">audi\u00f4metros<\/a> e fones de ouvido, permitem a realiza\u00e7\u00e3o de diversos tipos de testes de audi\u00e7\u00e3o.<\/p>\n\n\n\n<h2 class=\"wp-block-heading\"><span class=\"ez-toc-section\" id=\"Entenda_as_principais_funcoes_das_cabines_audiometricas_no_diagnostico_de_problemas_auditivos\"><\/span><strong>Entenda as principais fun\u00e7\u00f5es das cabines audiom\u00e9tricas no diagn\u00f3stico de problemas auditivos<\/strong><span class=\"ez-toc-section-end\"><\/span><\/h2>\n\n\n\n<p>Voc\u00ea est\u00e1 interessado em conhecer as principais fun\u00e7\u00f5es das cabines audiom\u00e9tricas no diagn\u00f3stico de problemas auditivos?&nbsp; Veja abaixo:<\/p>\n\n\n\n<ol class=\"wp-block-list\">\n<li><strong>Isolamento ac\u00fastico:<\/strong> As cabines audiom\u00e9tricas garantem<a href=\"https:\/\/vibrasom.ind.br\/isolamento-acustico-info\/\"> isolamento ac\u00fastico <\/a>para resultados confi\u00e1veis, eliminando interfer\u00eancias sonoras indesejadas, al\u00e9m de permitir a avalia\u00e7\u00e3o precisa da audi\u00e7\u00e3o do paciente;<\/li>\n<\/ol>\n\n\n\n<ol class=\"wp-block-list\" start=\"2\">\n<li><strong>Testes audiom\u00e9tricos em cabine<\/strong>: Equipadas com audi\u00f4metros, as cabines audiom\u00e9tricas permitem avaliar a audi\u00e7\u00e3o do paciente. Esses testes incluem a audiometria tonal, que avalia a capacidade do paciente de ouvir diferentes frequ\u00eancias sonoras, e a audiometria vocal, que mede a habilidade do paciente de compreender e repetir palavras em diferentes intensidades de som;<\/li>\n<\/ol>\n\n\n\n<p>    3. <strong>Ambiente controlado para testes: <\/strong>As cabines audiom\u00e9tricas oferecem um ambiente controlado para testes, eliminando interfer\u00eancias externas que podem afetar os resultados. Com padroniza\u00e7\u00e3o da intensidade sonora, controle ac\u00fastico e aus\u00eancia de distra\u00e7\u00f5es, garantem maior precis\u00e3o nos testes.<\/p>\n\n\n\n<h2 class=\"wp-block-heading\"><span class=\"ez-toc-section\" id=\"Teste_de_audicao_Confira_alguns_dos_principais_beneficios_das_cabines_audiometricas\"><\/span><strong>Teste de audi\u00e7\u00e3o: Confira alguns dos principais benef\u00edcios das cabines audiom\u00e9tricas<\/strong><span class=\"ez-toc-section-end\"><\/span><\/h2>\n\n\n\n<p>Quer saber os principais benef\u00edcios da cabine audiom\u00e9trica no teste de audi\u00e7\u00e3o? Separamos abaixo uma lista com os principais pontos:<\/p>\n\n\n\n<ul class=\"wp-block-list\">\n<li>Precis\u00e3o nos testes;<\/li>\n\n\n\n<li>Isolamento ac\u00fastico;<\/li>\n\n\n\n<li>Personaliza\u00e7\u00e3o dos tratamentos;<\/li>\n\n\n\n<li>Conforto e privacidade;<\/li>\n\n\n\n<li>Monitoramento da progress\u00e3o.<\/li>\n<\/ul>\n\n\n\n<h3 class=\"wp-block-heading\"><span class=\"ez-toc-section\" id=\"Precisao_nos_testes\"><\/span><strong>Precis\u00e3o nos testes<\/strong><span class=\"ez-toc-section-end\"><\/span><\/h3>\n\n\n\n<p>As cabines audiom\u00e9tricas oferecem um ambiente controlado e livre de interfer\u00eancias externas, o que possibilita a realiza\u00e7\u00e3o de testes de audi\u00e7\u00e3o precisos. Com a elimina\u00e7\u00e3o de ru\u00eddos e outras distra\u00e7\u00f5es, \u00e9 poss\u00edvel obter uma avalia\u00e7\u00e3o mais precisa da capacidade auditiva do paciente.<\/p>\n\n\n\n<h3 class=\"wp-block-heading\"><span class=\"ez-toc-section\" id=\"Isolamento_acustico\"><\/span><strong>Isolamento ac\u00fastico<\/strong><span class=\"ez-toc-section-end\"><\/span><\/h3>\n\n\n\n<p>O isolamento ac\u00fastico das cabines audiom\u00e9tricas proporciona um ambiente silencioso e tranquilo, minimizando a exposi\u00e7\u00e3o a ru\u00eddos indesejados. Isso \u00e9 crucial para a realiza\u00e7\u00e3o de testes audiom\u00e9tricos precisos e para o sucesso dos tratamentos auditivos, permitindo que os pacientes se concentrem nos sons relevantes.<\/p>\n\n\n\n<h3 class=\"wp-block-heading\"><span class=\"ez-toc-section\" id=\"Personalizacao_dos_tratamentos\"><\/span><strong>Personaliza\u00e7\u00e3o dos tratamentos<\/strong><span class=\"ez-toc-section-end\"><\/span><\/h3>\n\n\n\n<p>As cabines audiom\u00e9tricas permitem aos profissionais de sa\u00fade auditiva personalizar os tratamentos de acordo com as necessidades individuais dos pacientes.&nbsp;<\/p>\n\n\n\n<p>Atrav\u00e9s dos testes realizados nessas cabines, \u00e9 poss\u00edvel identificar o tipo e o grau de perda auditiva, facilitando a sele\u00e7\u00e3o e o ajuste preciso de dispositivos auditivos adequados. Dessa forma, as cabines audiom\u00e9tricas desempenham um papel important\u00edssimo na otimiza\u00e7\u00e3o dos tratamentos auditivos personalizados.<\/p>\n\n\n\n<h3 class=\"wp-block-heading\"><span class=\"ez-toc-section\" id=\"Conforto_e_privacidade\"><\/span><strong>Conforto e privacidade<\/strong><span class=\"ez-toc-section-end\"><\/span><\/h3>\n\n\n\n<p>As cabines audiom\u00e9tricas oferecem um ambiente confort\u00e1vel e privado para os pacientes durante os testes e tratamentos auditivos.&nbsp;<\/p>\n\n\n\n<p>Esse espa\u00e7o seguro e tranquilo permite que os pacientes se sintam \u00e0 vontade para expressar suas preocupa\u00e7\u00f5es e necessidades, contribuindo para uma experi\u00eancia mais positiva e eficaz no cuidado auditivo.<\/p>\n\n\n\n<h3 class=\"wp-block-heading\"><span class=\"ez-toc-section\" id=\"Monitoramento_da_progressao\"><\/span><strong>Monitoramento da progress\u00e3o<\/strong><span class=\"ez-toc-section-end\"><\/span><\/h3>\n\n\n\n<p>As cabines audiom\u00e9tricas s\u00e3o \u00fateis no monitoramento da progress\u00e3o da perda auditiva ao longo do tempo. Os testes peri\u00f3dicos realizados nelas permitem acompanhar as mudan\u00e7as na audi\u00e7\u00e3o do paciente e ajustar os tratamentos conforme necess\u00e1rio.<\/p>\n\n\n\n<h2 class=\"wp-block-heading\"><span class=\"ez-toc-section\" id=\"Adquira_as_cabines_audiometricas_da_Vibrasom\"><\/span><strong>Adquira as cabines audiom\u00e9tricas da Vibrasom<\/strong><span class=\"ez-toc-section-end\"><\/span><\/h2>\n\n\n\n<p>Voc\u00ea sabia que todas as cabines Audiom\u00e9tricas da Vibrasom Tecnologia Ac\u00fastica s\u00e3o aprovadas pelo InMetro?<\/p>\n\n\n\n<p>Com 13 modelos padronizados e a flexibilidade de adapta\u00e7\u00e3o \u00e0s suas necessidades de espa\u00e7o e isolamento ac\u00fastico, oferecemos uma ampla variedade de op\u00e7\u00f5es para atender \u00e0s suas expectativas. Garantimos o mais rigoroso controle de qualidade em todas as nossas cabines.&nbsp;<\/p>\n\n\n\n<p>Entre em contato conosco agora mesmo e encontre a solu\u00e7\u00e3o perfeita para suas necessidades de testes audiom\u00e9tricos.&nbsp;<\/p>\n\n\n\n<p>Compre na <strong>Vibrashop<\/strong>, acesse o nosso site, clicando <a href=\"https:\/\/www.vibrashop.com.br\/cabine-audiometrica-vsa-40-e\" target=\"_blank\" rel=\"noopener\">aqui<\/a>!<\/p>\n\n\n\n<h3 class=\"wp-block-heading\"><span class=\"ez-toc-section\" id=\"VIBRASOM_TECNOLOGIA_ACUSTICA\"><\/span><strong>VIBRASOM TECNOLOGIA AC\u00daSTICA<\/strong><span class=\"ez-toc-section-end\"><\/span><\/h3>\n\n\n\n<p>11 3506 &#8211; 5087<\/p>\n\n\n\n<p>11 9 9967 6973 &#8211; Ac\u00fastica<\/p>\n\n\n\n<p>11 9 7107 4218 &#8211; Audiologia<\/p>\n\n\n\n<p>E-mail: vibrasom@vibrasom.ind.br<\/p>\n","protected":false},"excerpt":{"rendered":"<p>A Vibrasom Tecnologia Ac\u00fastica elaborou um conte\u00fado especial para voc\u00ea compreender a import\u00e2ncia das cabines audiom\u00e9tricas no diagn\u00f3stico e tratamento de problemas auditivos durante o seu teste de audi\u00e7\u00e3o. Confira! De fato, a audi\u00e7\u00e3o \u00e9 essencial para a comunica\u00e7\u00e3o e intera\u00e7\u00e3o com o mundo, mas problemas auditivos s\u00e3o comuns e afetam negativamente a qualidade de&hellip;&nbsp;<a href=\"https:\/\/vibrasom.ind.br\/blog\/teste-de-audicao\/\" rel=\"bookmark\"><span class=\"screen-reader-text\">Benef\u00edcios do teste audi\u00e7\u00e3o e cabines audiom\u00e9tricas<\/span><\/a><\/p>\n","protected":false},"author":1,"featured_media":312,"comment_status":"open","ping_status":"open","sticky":false,"template":"","format":"standard","meta":{"neve_meta_sidebar":"","neve_meta_container":"","neve_meta_enable_content_width":"","neve_meta_content_width":0,"neve_meta_title_alignment":"","neve_meta_author_avatar":"","neve_post_elements_order":"","neve_meta_disable_header":"","neve_meta_disable_footer":"","neve_meta_disable_title":"","footnotes":""},"categories":[136],"tags":[24,23,42,51,39,32,7],"class_list":["post-311","post","type-post","status-publish","format-standard","has-post-thumbnail","hentry","category-audiologia","tag-audiologia","tag-audiometria","tag-audiometria-ocupacional","tag-cabineaudiometrica","tag-cabinesdesom","tag-isolamentoacustico","tag-vibrasom"],"_links":{"self":[{"href":"https:\/\/vibrasom.ind.br\/blog\/wp-json\/wp\/v2\/posts\/311","targetHints":{"allow":["GET"]}}],"collection":[{"href":"https:\/\/vibrasom.ind.br\/blog\/wp-json\/wp\/v2\/posts"}],"about":[{"href":"https:\/\/vibrasom.ind.br\/blog\/wp-json\/wp\/v2\/types\/post"}],"author":[{"embeddable":true,"href":"https:\/\/vibrasom.ind.br\/blog\/wp-json\/wp\/v2\/users\/1"}],"replies":[{"embeddable":true,"href":"https:\/\/vibrasom.ind.br\/blog\/wp-json\/wp\/v2\/comments?post=311"}],"version-history":[{"count":0,"href":"https:\/\/vibrasom.ind.br\/blog\/wp-json\/wp\/v2\/posts\/311\/revisions"}],"wp:featuredmedia":[{"embeddable":true,"href":"https:\/\/vibrasom.ind.br\/blog\/wp-json\/wp\/v2\/media\/312"}],"wp:attachment":[{"href":"https:\/\/vibrasom.ind.br\/blog\/wp-json\/wp\/v2\/media?parent=311"}],"wp:term":[{"taxonomy":"category","embeddable":true,"href":"https:\/\/vibrasom.ind.br\/blog\/wp-json\/wp\/v2\/categories?post=311"},{"taxonomy":"post_tag","embeddable":true,"href":"https:\/\/vibrasom.ind.br\/blog\/wp-json\/wp\/v2\/tags?post=311"}],"curies":[{"name":"wp","href":"https:\/\/api.w.org\/{rel}","templated":true}]}}