{"id":393,"date":"2023-10-30T10:02:59","date_gmt":"2023-10-30T13:02:59","guid":{"rendered":"https:\/\/vibrasom.ind.br\/blog\/?p=393"},"modified":"2023-11-22T12:03:16","modified_gmt":"2023-11-22T15:03:16","slug":"acustica-nas-escolas","status":"publish","type":"post","link":"https:\/\/vibrasom.ind.br\/blog\/acustica-nas-escolas\/","title":{"rendered":"Ac\u00fastica nas Escolas: Bem-estar de alunos e professores"},"content":{"rendered":"\n<p>Quer saber como a ac\u00fastica nas escolas pode influenciar no bem estar de alunos e professores? Acompanhe o conte\u00fado!<\/p>\n\n\n\n<p>O ambiente escolar \u00e9 important\u00edssimo para o aprendizado e o bem-estar, mas muitas vezes n\u00e3o se d\u00e1 a devida aten\u00e7\u00e3o \u00e0 qualidade do som. Contudo, \u00e9 fundamental compreender que o som nas escolas \u00e9 essencial para a aten\u00e7\u00e3o, a comunica\u00e7\u00e3o e o conforto de alunos e professores.&nbsp;<\/p>\n\n\n\n<p>Neste artigo especial da Vibrasom Tecnologia Ac\u00fastica, abordaremos como o som na escola impacta significativamente o bem-estar e a import\u00e2ncia de um ambiente sonoro adequado.<\/p>\n\n\n\n<p>Tenha uma boa leitura!<\/p>\n\n\n\n<p><strong>Confira tamb\u00e9m:<\/strong><\/p>\n\n\n\n<ul class=\"wp-block-list\">\n<li><a href=\"https:\/\/vibrasom.ind.br\/blog\/teste-de-audiometria\/\"><strong>Teste de audiometria: Escolha equipamentos modernos<\/strong><\/a><\/li>\n\n\n\n<li><a href=\"https:\/\/vibrasom.ind.br\/blog\/cabine-acustica\/\"><strong>Cabine ac\u00fastica: Solu\u00e7\u00e3o para um ambiente mais silencioso<\/strong><\/a><\/li>\n\n\n\n<li><a href=\"https:\/\/vibrasom.ind.br\/blog\/tratamento-acustico-em-ambiente-corporativo\/\"><strong>Tratamento ac\u00fastico: Como influencia o ambiente corporativo<\/strong><\/a><\/li>\n\n\n\n<li><a href=\"https:\/\/vibrasom.ind.br\/blog\/aparelho-auditivo\/\"><strong>Aparelho auditivo: Posso comprar antes de fazer um exame de audiometria?<\/strong><\/a><\/li>\n\n\n\n<li><a href=\"https:\/\/vibrasom.ind.br\/blog\/fonoaudiologia-infantil\/\"><strong>Fonoaudiologia Infantil: Dist\u00farbios de fala e linguagem<\/strong><\/a><\/li>\n<\/ul>\n\n\n\n<div id=\"ez-toc-container\" class=\"ez-toc-v2_0_81 counter-hierarchy ez-toc-counter ez-toc-grey ez-toc-container-direction\">\n<div class=\"ez-toc-title-container\">\n<p class=\"ez-toc-title\" style=\"cursor:inherit\">\u00cdndice<\/p>\n<span class=\"ez-toc-title-toggle\"><a href=\"#\" class=\"ez-toc-pull-right ez-toc-btn ez-toc-btn-xs ez-toc-btn-default ez-toc-toggle\" aria-label=\"Alternar tabela de conte\u00fado\"><span class=\"ez-toc-js-icon-con\"><span class=\"\"><span class=\"eztoc-hide\" style=\"display:none;\">Toggle<\/span><span class=\"ez-toc-icon-toggle-span\"><svg style=\"fill: #999;color:#999\" xmlns=\"http:\/\/www.w3.org\/2000\/svg\" class=\"list-377408\" width=\"20px\" height=\"20px\" viewBox=\"0 0 24 24\" fill=\"none\"><path d=\"M6 6H4v2h2V6zm14 0H8v2h12V6zM4 11h2v2H4v-2zm16 0H8v2h12v-2zM4 16h2v2H4v-2zm16 0H8v2h12v-2z\" fill=\"currentColor\"><\/path><\/svg><svg style=\"fill: #999;color:#999\" class=\"arrow-unsorted-368013\" xmlns=\"http:\/\/www.w3.org\/2000\/svg\" width=\"10px\" height=\"10px\" viewBox=\"0 0 24 24\" version=\"1.2\" baseProfile=\"tiny\"><path d=\"M18.2 9.3l-6.2-6.3-6.2 6.3c-.2.2-.3.4-.3.7s.1.5.3.7c.2.2.4.3.7.3h11c.3 0 .5-.1.7-.3.2-.2.3-.5.3-.7s-.1-.5-.3-.7zM5.8 14.7l6.2 6.3 6.2-6.3c.2-.2.3-.5.3-.7s-.1-.5-.3-.7c-.2-.2-.4-.3-.7-.3h-11c-.3 0-.5.1-.7.3-.2.2-.3.5-.3.7s.1.5.3.7z\"\/><\/svg><\/span><\/span><\/span><\/a><\/span><\/div>\n<nav><ul class='ez-toc-list ez-toc-list-level-1 ' ><li class='ez-toc-page-1 ez-toc-heading-level-2'><a class=\"ez-toc-link ez-toc-heading-1\" href=\"https:\/\/vibrasom.ind.br\/blog\/acustica-nas-escolas\/#Acustica_nas_Escolas_Saiba_como_afeta_o_processo_de_aprendizado\" >Ac\u00fastica nas Escolas: Saiba como afeta o processo de aprendizado<\/a><ul class='ez-toc-list-level-3' ><li class='ez-toc-heading-level-3'><a class=\"ez-toc-link ez-toc-heading-2\" href=\"https:\/\/vibrasom.ind.br\/blog\/acustica-nas-escolas\/#O_impacto_no_bem-estar_dos_alunos\" >O impacto no bem-estar dos alunos<\/a><\/li><li class='ez-toc-page-1 ez-toc-heading-level-3'><a class=\"ez-toc-link ez-toc-heading-3\" href=\"https:\/\/vibrasom.ind.br\/blog\/acustica-nas-escolas\/#A_influencia_sobre_o_bem-estar_dos_professores\" >A influ\u00eancia sobre o bem-estar dos professores<\/a><\/li><\/ul><\/li><li class='ez-toc-page-1 ez-toc-heading-level-2'><a class=\"ez-toc-link ez-toc-heading-4\" href=\"https:\/\/vibrasom.ind.br\/blog\/acustica-nas-escolas\/#Acustica_nas_escolas_Conheca_as_solucoes_mais_eficazes\" >Ac\u00fastica nas escolas: Conhe\u00e7a as solu\u00e7\u00f5es mais eficazes<\/a><ul class='ez-toc-list-level-3' ><li class='ez-toc-heading-level-3'><a class=\"ez-toc-link ez-toc-heading-5\" href=\"https:\/\/vibrasom.ind.br\/blog\/acustica-nas-escolas\/#Conclusao\" >Conclus\u00e3o:<\/a><\/li><\/ul><\/li><li class='ez-toc-page-1 ez-toc-heading-level-2'><a class=\"ez-toc-link ez-toc-heading-6\" href=\"https:\/\/vibrasom.ind.br\/blog\/acustica-nas-escolas\/#Vibrasom_A_marca_N%C2%B01_em_tecnologia_acustica\" >Vibrasom: A marca N\u00b01 em tecnologia ac\u00fastica<\/a><\/li><\/ul><\/nav><\/div>\n<h2 class=\"wp-block-heading\"><span class=\"ez-toc-section\" id=\"Acustica_nas_Escolas_Saiba_como_afeta_o_processo_de_aprendizado\"><\/span><strong>Ac\u00fastica nas Escolas: Saiba como afeta o processo de aprendizado<\/strong><span class=\"ez-toc-section-end\"><\/span><\/h2>\n\n\n\n<p>Voc\u00ea tem ideia da import\u00e2ncia da ac\u00fastica nas escolas para o processo educacional? Os ru\u00eddos em excesso, eco, reflex\u00f5es indesejadas e reverbera\u00e7\u00f5es podem prejudicar a capacidade dos alunos de ouvir e compreender com clareza o que os professores est\u00e3o ensinando, afetando assim sua jornada de aprendizado.<\/p>\n\n\n\n<p>A falta de ac\u00fastica adequada nas escolas pode ter v\u00e1rias consequ\u00eancias, tais como:<\/p>\n\n\n\n<ul class=\"wp-block-list\">\n<li>O impacto no bem-estar dos alunos;<\/li>\n\n\n\n<li>A influ\u00eancia sobre o bem-estar dos professores.<\/li>\n<\/ul>\n\n\n\n<h3 class=\"wp-block-heading\"><span class=\"ez-toc-section\" id=\"O_impacto_no_bem-estar_dos_alunos\"><\/span><strong>O impacto no bem-estar dos alunos<\/strong><span class=\"ez-toc-section-end\"><\/span><\/h3>\n\n\n\n<p>A qualidade ac\u00fastica inadequada nas escolas gera estresse, ansiedade e fadiga nos alunos devido \u00e0 exposi\u00e7\u00e3o cont\u00ednua ao barulho. Isso afeta negativamente sua sa\u00fade mental e disposi\u00e7\u00e3o para aprender. Al\u00e9m disso, alunos com defici\u00eancia auditiva enfrentam desafios extras devido ao ambiente ruidoso.<\/p>\n\n\n\n<h3 class=\"wp-block-heading\"><span class=\"ez-toc-section\" id=\"A_influencia_sobre_o_bem-estar_dos_professores\"><\/span><strong>A influ\u00eancia sobre o bem-estar dos professores<\/strong><span class=\"ez-toc-section-end\"><\/span><\/h3>\n\n\n\n<p>A m\u00e1 qualidade da ac\u00fastica nas escolas imp\u00f5e desafios aos professores, que se veem obrigados a elevar o tom de voz para serem ouvidos, a repetir informa\u00e7\u00f5es devido a dificuldades de compreens\u00e3o e a lidar com n\u00edveis elevados de estresse devido ao ambiente extremamente barulhento.<\/p>\n\n\n\n<p>Esses fatores citados podem resultar em fadiga, prejudicando a satisfa\u00e7\u00e3o no trabalho e a qualidade do ensino.<\/p>\n\n\n\n<h2 class=\"wp-block-heading\"><span class=\"ez-toc-section\" id=\"Acustica_nas_escolas_Conheca_as_solucoes_mais_eficazes\"><\/span><strong>Ac\u00fastica nas escolas: Conhe\u00e7a as solu\u00e7\u00f5es mais eficazes<\/strong><span class=\"ez-toc-section-end\"><\/span><\/h2>\n\n\n\n<p>\u00c9 totalmente poss\u00edvel aprimorar a qualidade ac\u00fastica nas escolas por meio da ado\u00e7\u00e3o de medidas adequadas, que abrangem:<\/p>\n\n\n\n<ul class=\"wp-block-list\">\n<li><a href=\"https:\/\/vibrasom.ind.br\/tratamento-acustico\/isolamento-acustico.php\">Isolamento ac\u00fastico;<\/a><\/li>\n\n\n\n<li><a href=\"https:\/\/vibrasom.ind.br\/tratamento-acustico\/painel-acustico-de-parede.php\">Revestimento de parede;<\/a><\/li>\n\n\n\n<li><a href=\"https:\/\/vibrasom.ind.br\/tratamento-acustico\/forro-acustico-para-teto.php\">Teto<\/a> e <a href=\"https:\/\/vibrasom.ind.br\/tratamento-acustico\/piso-acustico.php\">piso ac\u00fastico<\/a>;<\/li>\n\n\n\n<li>Disposi\u00e7\u00e3o de mobili\u00e1rio.<\/li>\n<\/ul>\n\n\n\n<p>Al\u00e9m disso, \u00e9 de suma import\u00e2ncia destacar a relev\u00e2ncia de criar consci\u00eancia e promover a educa\u00e7\u00e3o sobre a ac\u00fastica nas escolas, uma vez que desempenham um papel essencial na fomenta\u00e7\u00e3o de mudan\u00e7as ben\u00e9ficas e na aprimora\u00e7\u00e3o da qualidade do ambiente de aprendizado.<\/p>\n\n\n\n<h3 class=\"wp-block-heading\"><span class=\"ez-toc-section\" id=\"Conclusao\"><\/span><strong>Conclus\u00e3o:<\/strong><span class=\"ez-toc-section-end\"><\/span><\/h3>\n\n\n\n<p>Investir em aprimoramentos na ac\u00fastica das escolas \u00e9 um investimento tanto no futuro quanto no \u00eaxito dos estudantes e docentes.<\/p>\n\n\n\n<h2 class=\"wp-block-heading\"><span class=\"ez-toc-section\" id=\"Vibrasom_A_marca_N%C2%B01_em_tecnologia_acustica\"><\/span><strong>Vibrasom: A marca N\u00b01 em tecnologia ac\u00fastica<\/strong><span class=\"ez-toc-section-end\"><\/span><\/h2>\n\n\n\n<p>Vencedora de in\u00fameros pr\u00eamios e aclamada nacionalmente, a VIBRASOM se destaca como a marca n\u00famero 1 em prefer\u00eancia.<\/p>\n\n\n\n<p>&nbsp;A Vibrasom Tecnologia Ac\u00fastica \u00e9 l\u00edder na ind\u00fastria dedicada ao desenvolvimento, manufatura e fornecimento de produtos inovadores para controle de ru\u00eddo e aprimoramento do ambiente ac\u00fastico, incluindo solu\u00e7\u00f5es espec\u00edficas para escolas.&nbsp;<\/p>\n\n\n\n<p>Se voc\u00ea busca solu\u00e7\u00f5es de qualidade para suas necessidades ac\u00fasticas, entre em contato e descubra como podemos melhorar o som do seu espa\u00e7o.<\/p>\n\n\n\n<p>Melhore o ambiente sonoro em sua escola!<\/p>\n\n\n\n<p><a href=\"https:\/\/vibrasom.ind.br\/contato\/\">[Fale agora mesmo com a Vibrasom!]<\/a><\/p>\n\n\n\n<p><strong>VIBRASOM TECNOLOGIA AC\u00daSTICA<\/strong><\/p>\n\n\n\n<p>11 3506 &#8211; 5087<\/p>\n\n\n\n<p>11 9 9967 6973 &#8211; Ac\u00fastica<\/p>\n\n\n\n<p>11 9 7107 4218 &#8211; Audiologia<\/p>\n\n\n\n<p>E-mail: <a href=\"mailto:vibrasom@vibrasom.ind.br\">vibrasom@vibrasom.ind.br<\/a><\/p>\n\n\n\n<p><strong>Siga nosso Instagram!<\/strong><\/p>\n\n\n\n<p><a href=\"https:\/\/www.instagram.com\/vibrasom\/\" target=\"_blank\" rel=\"noopener\">Vibrasom<\/a><\/p>\n\n\n\n<p><strong>Vibrashop<\/strong><\/p>\n\n\n\n<p><a href=\"https:\/\/vibrashop.com.br\/\" target=\"_blank\" rel=\"noopener\"><strong>A loja da Vibrasom<\/strong><\/a><\/p>\n","protected":false},"excerpt":{"rendered":"<p>Quer saber como a ac\u00fastica nas escolas pode influenciar no bem estar de alunos e professores? Acompanhe o conte\u00fado! O ambiente escolar \u00e9 important\u00edssimo para o aprendizado e o bem-estar, mas muitas vezes n\u00e3o se d\u00e1 a devida aten\u00e7\u00e3o \u00e0 qualidade do som. Contudo, \u00e9 fundamental compreender que o som nas escolas \u00e9 essencial para&hellip;&nbsp;<a href=\"https:\/\/vibrasom.ind.br\/blog\/acustica-nas-escolas\/\" rel=\"bookmark\"><span class=\"screen-reader-text\">Ac\u00fastica nas Escolas: Bem-estar de alunos e professores<\/span><\/a><\/p>\n","protected":false},"author":1,"featured_media":395,"comment_status":"open","ping_status":"open","sticky":false,"template":"","format":"standard","meta":{"neve_meta_sidebar":"","neve_meta_container":"","neve_meta_enable_content_width":"","neve_meta_content_width":0,"neve_meta_title_alignment":"","neve_meta_author_avatar":"","neve_post_elements_order":"","neve_meta_disable_header":"","neve_meta_disable_footer":"","neve_meta_disable_title":"","footnotes":""},"categories":[4],"tags":[58,83,16,24,84,7],"class_list":["post-393","post","type-post","status-publish","format-standard","has-post-thumbnail","hentry","category-acustica","tag-acustica","tag-acustica-nas-escolas","tag-arquitetura","tag-audiologia","tag-construcao-civil","tag-vibrasom"],"_links":{"self":[{"href":"https:\/\/vibrasom.ind.br\/blog\/wp-json\/wp\/v2\/posts\/393","targetHints":{"allow":["GET"]}}],"collection":[{"href":"https:\/\/vibrasom.ind.br\/blog\/wp-json\/wp\/v2\/posts"}],"about":[{"href":"https:\/\/vibrasom.ind.br\/blog\/wp-json\/wp\/v2\/types\/post"}],"author":[{"embeddable":true,"href":"https:\/\/vibrasom.ind.br\/blog\/wp-json\/wp\/v2\/users\/1"}],"replies":[{"embeddable":true,"href":"https:\/\/vibrasom.ind.br\/blog\/wp-json\/wp\/v2\/comments?post=393"}],"version-history":[{"count":0,"href":"https:\/\/vibrasom.ind.br\/blog\/wp-json\/wp\/v2\/posts\/393\/revisions"}],"wp:featuredmedia":[{"embeddable":true,"href":"https:\/\/vibrasom.ind.br\/blog\/wp-json\/wp\/v2\/media\/395"}],"wp:attachment":[{"href":"https:\/\/vibrasom.ind.br\/blog\/wp-json\/wp\/v2\/media?parent=393"}],"wp:term":[{"taxonomy":"category","embeddable":true,"href":"https:\/\/vibrasom.ind.br\/blog\/wp-json\/wp\/v2\/categories?post=393"},{"taxonomy":"post_tag","embeddable":true,"href":"https:\/\/vibrasom.ind.br\/blog\/wp-json\/wp\/v2\/tags?post=393"}],"curies":[{"name":"wp","href":"https:\/\/api.w.org\/{rel}","templated":true}]}}