{"id":566,"date":"2024-08-22T10:08:27","date_gmt":"2024-08-22T13:08:27","guid":{"rendered":"https:\/\/vibrasom.ind.br\/blog\/?p=566"},"modified":"2024-08-22T10:21:57","modified_gmt":"2024-08-22T13:21:57","slug":"saude-dos-trabalhadores","status":"publish","type":"post","link":"https:\/\/vibrasom.ind.br\/blog\/saude-dos-trabalhadores\/","title":{"rendered":"Qual a import\u00e2ncia do isolamento ac\u00fastico na sa\u00fade dos trabalhadores?"},"content":{"rendered":"\n<p>A sa\u00fade dos trabalhadores deve ser prioridade em qualquer ambiente de trabalho, que precisa ser seguro e confort\u00e1vel para que todos possam desempenhar suas fun\u00e7\u00f5es com efici\u00eancia. No entanto, o ru\u00eddo excessivo \u00e9 um dos fatores que mais afetam negativamente a sa\u00fade e o bem-estar.&nbsp;<\/p>\n\n\n\n<p>Algumas pesquisas indicam que a exposi\u00e7\u00e3o cont\u00ednua a altos n\u00edveis de ru\u00eddo pode acarretar s\u00e9rios problemas de sa\u00fade, como perda auditiva, aumento do estresse, fadiga e at\u00e9 doen\u00e7as cardiovasculares.&nbsp;<\/p>\n\n\n\n<p>\u00c9 nesse contexto que o isolamento ac\u00fastico se torna essencial.&nbsp;<\/p>\n\n\n\n<p>Como uma empresa fabricante dedicada ao desenvolvimento e fornecimento de produtos para controle de ru\u00eddo e condicionamento ac\u00fastico, na Vibrasom entendemos profundamente a import\u00e2ncia de criar ambientes de trabalho que protejam a sa\u00fade dos colaboradores.<\/p>\n\n\n\n<p>Neste artigo, vamos abordar como o ru\u00eddo afeta a sa\u00fade dos trabalhadores e destacar os principais benef\u00edcios do isolamento ac\u00fastico.<\/p>\n\n\n\n<p>Boa leitura!<\/p>\n\n\n\n<div id=\"ez-toc-container\" class=\"ez-toc-v2_0_82_2 counter-hierarchy ez-toc-counter ez-toc-grey ez-toc-container-direction\">\n<div class=\"ez-toc-title-container\">\n<p class=\"ez-toc-title\" style=\"cursor:inherit\">\u00cdndice<\/p>\n<span class=\"ez-toc-title-toggle\"><a href=\"#\" class=\"ez-toc-pull-right ez-toc-btn ez-toc-btn-xs ez-toc-btn-default ez-toc-toggle\" aria-label=\"Alternar tabela de conte\u00fado\"><span class=\"ez-toc-js-icon-con\"><span class=\"\"><span class=\"eztoc-hide\" style=\"display:none;\">Toggle<\/span><span class=\"ez-toc-icon-toggle-span\"><svg style=\"fill: #999;color:#999\" xmlns=\"http:\/\/www.w3.org\/2000\/svg\" class=\"list-377408\" width=\"20px\" height=\"20px\" viewBox=\"0 0 24 24\" fill=\"none\"><path d=\"M6 6H4v2h2V6zm14 0H8v2h12V6zM4 11h2v2H4v-2zm16 0H8v2h12v-2zM4 16h2v2H4v-2zm16 0H8v2h12v-2z\" fill=\"currentColor\"><\/path><\/svg><svg style=\"fill: #999;color:#999\" class=\"arrow-unsorted-368013\" xmlns=\"http:\/\/www.w3.org\/2000\/svg\" width=\"10px\" height=\"10px\" viewBox=\"0 0 24 24\" version=\"1.2\" baseProfile=\"tiny\"><path d=\"M18.2 9.3l-6.2-6.3-6.2 6.3c-.2.2-.3.4-.3.7s.1.5.3.7c.2.2.4.3.7.3h11c.3 0 .5-.1.7-.3.2-.2.3-.5.3-.7s-.1-.5-.3-.7zM5.8 14.7l6.2 6.3 6.2-6.3c.2-.2.3-.5.3-.7s-.1-.5-.3-.7c-.2-.2-.4-.3-.7-.3h-11c-.3 0-.5.1-.7.3-.2.2-.3.5-.3.7s.1.5.3.7z\"\/><\/svg><\/span><\/span><\/span><\/a><\/span><\/div>\n<nav><ul class='ez-toc-list ez-toc-list-level-1 ' ><li class='ez-toc-page-1 ez-toc-heading-level-2'><a class=\"ez-toc-link ez-toc-heading-1\" href=\"https:\/\/vibrasom.ind.br\/blog\/saude-dos-trabalhadores\/#Quais_sao_os_impactos_do_ruido_na_saude_dos_trabalhadores\" >Quais s\u00e3o os impactos do ru\u00eddo na sa\u00fade dos trabalhadores?<\/a><ul class='ez-toc-list-level-3' ><li class='ez-toc-heading-level-3'><a class=\"ez-toc-link ez-toc-heading-2\" href=\"https:\/\/vibrasom.ind.br\/blog\/saude-dos-trabalhadores\/#Como_o_isolamento_acustico_pode_beneficiar_o_ambiente_de_trabalho\" >Como o isolamento ac\u00fastico pode beneficiar o ambiente de trabalho?<\/a><\/li><\/ul><\/li><li class='ez-toc-page-1 ez-toc-heading-level-2'><a class=\"ez-toc-link ez-toc-heading-3\" href=\"https:\/\/vibrasom.ind.br\/blog\/saude-dos-trabalhadores\/#Como_a_Vibrasom_Tecnologia_Acustica_pode_ajudar\" >Como a Vibrasom Tecnologia Ac\u00fastica pode ajudar?<\/a><ul class='ez-toc-list-level-3' ><li class='ez-toc-heading-level-3'><a class=\"ez-toc-link ez-toc-heading-4\" href=\"https:\/\/vibrasom.ind.br\/blog\/saude-dos-trabalhadores\/#Quer_saber_mais_como_o_isolamento_acustico_pode_contribuir_para_a_saude_dos_trabalhadores\" >Quer saber mais como o isolamento ac\u00fastico pode contribuir para a sa\u00fade dos trabalhadores?<\/a><\/li><li class='ez-toc-page-1 ez-toc-heading-level-3'><a class=\"ez-toc-link ez-toc-heading-5\" href=\"https:\/\/vibrasom.ind.br\/blog\/saude-dos-trabalhadores\/#VIBRASOM_TECNOLOGIA_ACUSTICA\" >VIBRASOM TECNOLOGIA AC\u00daSTICA<\/a><\/li><\/ul><\/li><\/ul><\/nav><\/div>\n<h2 class=\"wp-block-heading\"><span class=\"ez-toc-section\" id=\"Quais_sao_os_impactos_do_ruido_na_saude_dos_trabalhadores\"><\/span><strong>Quais s\u00e3o os impactos do ru\u00eddo na sa\u00fade dos trabalhadores?<\/strong><span class=\"ez-toc-section-end\"><\/span><\/h2>\n\n\n\n<p>A exposi\u00e7\u00e3o constante a ru\u00eddos altos, comum em ind\u00fastrias, f\u00e1bricas e at\u00e9 em escrit\u00f3rios com equipamentos barulhentos, pode causar s\u00e9rios problemas de sa\u00fade dos trabalhadores, tais como:<\/p>\n\n\n\n<ul class=\"wp-block-list\">\n<li>Perda auditiva;<\/li>\n\n\n\n<li>Estresse e ansiedade;<\/li>\n\n\n\n<li>Fadiga e diminui\u00e7\u00e3o da concentra\u00e7\u00e3o;<\/li>\n\n\n\n<li>Problemas cardiovasculares.<\/li>\n<\/ul>\n\n\n\n<h3 class=\"wp-block-heading\"><span class=\"ez-toc-section\" id=\"Como_o_isolamento_acustico_pode_beneficiar_o_ambiente_de_trabalho\"><\/span><strong>Como o isolamento ac\u00fastico pode beneficiar o ambiente de trabalho?<\/strong><span class=\"ez-toc-section-end\"><\/span><\/h3>\n\n\n\n<p>Adotar solu\u00e7\u00f5es de isolamento ac\u00fastico no ambiente de trabalho proporciona uma variedade de benef\u00edcios importantes, impactando positivamente tanto os colaboradores quanto a empresa. Confira os principais abaixo:<\/p>\n\n\n\n<ul class=\"wp-block-list\">\n<li><strong>Prote\u00e7\u00e3o Auditiva: <\/strong>Reduzindo o n\u00edvel de ru\u00eddo, \u00e9 poss\u00edvel diminuir significativamente o risco de perda auditiva e outros problemas associados ao som excessivo;<\/li>\n\n\n\n<li><strong>Melhoria do bem-estar:<\/strong> Ambientes mais tranquilos ajudam a diminuir o estresse e a ansiedade, criando um espa\u00e7o de trabalho mais saud\u00e1vel e produtivo;<\/li>\n\n\n\n<li><strong>Aumento da produtividade: <\/strong>Com menos distra\u00e7\u00f5es provenientes do ru\u00eddo, os trabalhadores conseguem se concentrar mais em suas tarefas, o que eleva a efici\u00eancia e a qualidade do trabalho;<\/li>\n\n\n\n<li><strong>Conformidade com normas de seguran\u00e7a: <\/strong>O isolamento ac\u00fastico garante que os n\u00edveis de ru\u00eddo estejam dentro dos limites seguros, ajudando a empresa a cumprir regulamenta\u00e7\u00f5es e proteger a sa\u00fade dos colaboradores.<\/li>\n<\/ul>\n\n\n\n<p><strong>Confira tamb\u00e9m:<\/strong><\/p>\n\n\n\n<ul class=\"wp-block-list\">\n<li><a href=\"https:\/\/vibrasom.ind.br\/blog\/software-para-gestao-de-audiometrias\/\"><strong>AudioControl: Software para gest\u00e3o e controle de audiometrias<\/strong><\/a><\/li>\n\n\n\n<li><a href=\"https:\/\/vibrasom.ind.br\/blog\/espumas-acusticas-ajustam-as-ondas-sonoras\/\"><strong>Como as espumas ac\u00fasticas ajustam as ondas sonoras?<\/strong><\/a><\/li>\n\n\n\n<li><a href=\"https:\/\/vibrasom.ind.br\/blog\/tablado-de-bateria-ideal-para-o-seu-espaco\/\"><strong>Encontre o tablado de bateria ideal para o seu espa\u00e7o<\/strong><\/a><\/li>\n\n\n\n<li><a href=\"https:\/\/vibrasom.ind.br\/blog\/aparelhos-para-audiometria\/\"><strong>Precisa de aparelhos para audiometria? Fale com a Vibrasom!<\/strong><\/a><\/li>\n\n\n\n<li><a href=\"https:\/\/vibrasom.ind.br\/blog\/dificuldades-para-ouvir\/\"><strong>Dificuldades para ouvir? Entenda a necessidade de tratamento<\/strong><\/a><\/li>\n\n\n\n<li><a href=\"https:\/\/vibrasom.ind.br\/blog\/cabines-acusticas\/\"><strong>Cabines ac\u00fasticas: O sil\u00eancio que impulsiona a produtividade<\/strong><\/a><\/li>\n\n\n\n<li><a href=\"https:\/\/vibrasom.ind.br\/blog\/defletores-inteligentes\/\"><strong>Baffles Ac\u00fasticos: Defletores inteligentes para ambientes mais serenos<\/strong><\/a><\/li>\n\n\n\n<li><a href=\"https:\/\/vibrasom.ind.br\/blog\/atenuadores-de-ruido-2\/\"><strong>Atenuadores de ru\u00eddo: Diminua o trabalho,aumente a produtividade<\/strong><\/a><\/li>\n\n\n\n<li><a href=\"https:\/\/vibrasom.ind.br\/blog\/confira-nossos-produtos-para-saude-do-ouvido\/\"><strong>Confira nossos produtos para sa\u00fade do ouvido<\/strong><\/a><\/li>\n\n\n\n<li><a href=\"https:\/\/vibrasom.ind.br\/blog\/dicas-para-sua-saude-auditiva\/\"><strong>Ou\u00e7a com cuidado: Dicas para sua sa\u00fade auditiva<\/strong><\/a><\/li>\n\n\n\n<li><a href=\"https:\/\/vibrasom.ind.br\/blog\/beneficios-da-peca-de-atenuacao-vocalbox\/\"><strong>Descubra os benef\u00edcios da pe\u00e7a de atenua\u00e7\u00e3o Vocalbox<\/strong><\/a><\/li>\n\n\n\n<li><a href=\"https:\/\/vibrasom.ind.br\/blog\/pacientes-com-deficiencia-auditiva\/\"><strong>Solu\u00e7\u00f5es Vibrasom para pacientes com defici\u00eancia auditiva<\/strong><\/a><\/li>\n\n\n\n<li><a href=\"https:\/\/vibrasom.ind.br\/blog\/precisa-de-consultoria-acustica-arquitetonica\/\"><strong>Precisa de consultoria arquitet\u00f4nica?<\/strong><\/a><\/li>\n\n\n\n<li><a href=\"https:\/\/vibrasom.ind.br\/blog\/programa-de-conservacao-auditiva\/\"><strong>Audiocontrol para seu programa de conserva\u00e7\u00e3o auditiva<\/strong><\/a><\/li>\n\n\n\n<li><a href=\"https:\/\/vibrasom.ind.br\/blog\/personalize-seu-ambiente-com-isolante-acustico\/\"><strong>Personalize seu ambiente com isolantes ac\u00fasticos<\/strong><\/a><\/li>\n\n\n\n<li><a href=\"https:\/\/vibrasom.ind.br\/blog\/isolamento-acustico-quarto\/\"><strong>Isolamento ac\u00fastico quarto: Melhore sua qualidade de sono<\/strong><\/a><\/li>\n\n\n\n<li><a href=\"https:\/\/vibrasom.ind.br\/blog\/desfrute-da-tranquilidade-piso-acustico-pa-30\/\"><strong>Desfrute da Tranquilidade com o Piso Ac\u00fastico PA 30<\/strong><\/a><\/li>\n\n\n\n<li><a href=\"https:\/\/vibrasom.ind.br\/blog\/projetos-em-audio-de-campo\/\"><strong>Cabines audiom\u00e9tricas para seus projetos em \u00e1udio de campo<\/strong><\/a><\/li>\n\n\n\n<li><a href=\"https:\/\/vibrasom.ind.br\/blog\/equipamentos-para-profissionais-de-otorrinolaringologia\/\"><strong>Equipamentos da Vibrasom para profissionais de otorrinolaringologia<\/strong><\/a><\/li>\n\n\n\n<li><a href=\"https:\/\/vibrasom.ind.br\/blog\/cabines-audimetricas-para-isolacao-acustica\/\"><strong>Cabines audiom\u00e9tricas para isola\u00e7\u00e3o ac\u00fastica<\/strong><\/a><\/li>\n\n\n\n<li><a href=\"https:\/\/vibrasom.ind.br\/blog\/aparelhos-certificados-pelo-inmetro\/\"><strong>Import\u00e2ncia da calibra\u00e7\u00e3o de audi\u00f4metros certificados pelo Inmetro<\/strong><\/a><\/li>\n\n\n\n<li><a href=\"https:\/\/vibrasom.ind.br\/blog\/controlar-eco-em-seu-home-office\/\"><strong>4 dicas para controlar o eco em seu home office<\/strong><\/a><\/li>\n\n\n\n<li><a href=\"https:\/\/vibrasom.ind.br\/blog\/estudio-de-podcast\/\"><strong>Dicas de Ac\u00fastica para seu Est\u00fadio de Podcast<\/strong><\/a><\/li>\n\n\n\n<li><a href=\"https:\/\/vibrasom.ind.br\/blog\/teste-de-audicao-online\/\"><strong>Teste de Audi\u00e7\u00e3o online: Tudo o que voc\u00ea precisa saber<\/strong><\/a><\/li>\n\n\n\n<li><a href=\"https:\/\/vibrasom.ind.br\/blog\/isolamento-termico-e-isolamento-acustico\/\"><strong>Isolamento t\u00e9rmico e Isolamento Ac\u00fastico: Qual a diferen\u00e7a?<\/strong><\/a><\/li>\n\n\n\n<li><a href=\"https:\/\/vibrasom.ind.br\/blog\/conexao-avs-500-audiocontrol\/\"><strong>Conex\u00e3o AVS 500 e Audiocontrol: Como revoluciona a audiometria?<\/strong><\/a><\/li>\n\n\n\n<li><a href=\"https:\/\/vibrasom.ind.br\/blog\/como-abrir-um-consultorio-de-fonoaudiologia\/\"><strong>Como abrir um consult\u00f3rio de fonoaudiologia<\/strong><\/a><\/li>\n\n\n\n<li><a href=\"https:\/\/vibrasom.ind.br\/blog\/acustica-para-sala-de-reuniao\/\"><strong>Ac\u00fastica para sala de reuni\u00e3o: Tenha um espa\u00e7o silencioso e eficaz<\/strong><\/a><\/li>\n\n\n\n<li><a href=\"https:\/\/vibrasom.ind.br\/blog\/acustica-nas-escolas\/\"><strong>Ac\u00fastica nas Escolas: Bem-estar de alunos e professores<\/strong><\/a><\/li>\n\n\n\n<li><a href=\"https:\/\/vibrasom.ind.br\/blog\/cabine-acustica\/\"><strong>Cabine ac\u00fastica: Solu\u00e7\u00e3o para um ambiente mais silencioso<\/strong><\/a><\/li>\n\n\n\n<li><a href=\"https:\/\/vibrasom.ind.br\/blog\/poluicao-sonora\/\"><strong>Polui\u00e7\u00e3o sonora: Como afeta ambientes gastron\u00f4micos?<\/strong><\/a><\/li>\n\n\n\n<li><a href=\"https:\/\/vibrasom.ind.br\/blog\/revestimento-acustico\/\"><strong>Revestimento ac\u00fastico: Confira mais sobre a espuma de melamina<\/strong><\/a><\/li>\n\n\n\n<li><a href=\"https:\/\/vibrasom.ind.br\/blog\/projeto-arquitetonico\/\"><strong>Utilize as nuvens ac\u00fasticas Ecoline no seu projeto arquitet\u00f4nico<\/strong><\/a><\/li>\n\n\n\n<li><a href=\"https:\/\/vibrasom.ind.br\/blog\/porta-anti-ruido\/\"><strong>Como funciona uma porta anti ru\u00eddo?<\/strong><\/a><\/li>\n\n\n\n<li><a href=\"https:\/\/vibrasom.ind.br\/blog\/todas-as-espumas-acusticas-sao-espumas-antichamas\/\"><strong>Todas as espumas ac\u00fasticas s\u00e3o espumas antichamas?<\/strong><\/a><\/li>\n\n\n\n<li><a href=\"https:\/\/vibrasom.ind.br\/blog\/isolamento-acustico-para-bares\/\"><strong>Vibrasom fornece materiais de Isolamento ac\u00fastico para bares<\/strong><\/a><\/li>\n<\/ul>\n\n\n\n<h2 class=\"wp-block-heading\"><span class=\"ez-toc-section\" id=\"Como_a_Vibrasom_Tecnologia_Acustica_pode_ajudar\"><\/span><strong>Como a Vibrasom Tecnologia Ac\u00fastica pode ajudar?<\/strong><span class=\"ez-toc-section-end\"><\/span><\/h2>\n\n\n\n<p>Na Vibrasom, oferecemos uma ampla variedade de solu\u00e7\u00f5es para controle de ru\u00eddo e tratamento ac\u00fastico, como <a href=\"https:\/\/vibrasom.ind.br\/barreira-acustica\/\">barreiras ac\u00fasticas<\/a>, <a href=\"https:\/\/vibrasom.ind.br\/cabines-de-ensaio\/\">cabines de teste<\/a>, <a href=\"https:\/\/vibrasom.ind.br\/atenuador-de-ruido\/\">atenuadores de ru\u00eddo <\/a>e muito mais. Nossos produtos s\u00e3o projetados com tecnologia avan\u00e7ada para garantir efici\u00eancia superior na absor\u00e7\u00e3o e controle de ru\u00eddo, adequando-se a diferentes ambientes industriais e comerciais.<\/p>\n\n\n\n<p>Investir em isolamento ac\u00fastico vai al\u00e9m do conforto: \u00e9 essencial para a sa\u00fade e seguran\u00e7a no trabalho. Com as solu\u00e7\u00f5es ac\u00fasticas da Vibrasom, voc\u00ea protege seus colaboradores e impulsiona a produtividade da sua empresa<\/p>\n\n\n\n<h3 class=\"wp-block-heading\"><span class=\"ez-toc-section\" id=\"Quer_saber_mais_como_o_isolamento_acustico_pode_contribuir_para_a_saude_dos_trabalhadores\"><\/span><strong>Quer saber mais como o isolamento ac\u00fastico pode contribuir para a sa\u00fade dos trabalhadores?<\/strong><span class=\"ez-toc-section-end\"><\/span><\/h3>\n\n\n\n<p>Entre em contato conosco hoje mesmo para descobrir como as solu\u00e7\u00f5es da Vibrasom podem transformar o ambiente de trabalho da sua empresa e promover um espa\u00e7o mais saud\u00e1vel e produtivo!<\/p>\n\n\n\n<p><a href=\"https:\/\/vibrasom.ind.br\/contato\/\"><strong>[Clique aqui e fale conosco!]<\/strong><\/a><\/p>\n\n\n\n<h3 class=\"wp-block-heading\"><span class=\"ez-toc-section\" id=\"VIBRASOM_TECNOLOGIA_ACUSTICA\"><\/span><strong>VIBRASOM TECNOLOGIA AC\u00daSTICA<\/strong><span class=\"ez-toc-section-end\"><\/span><\/h3>\n\n\n\n<p>11 3506 &#8211; 5087<\/p>\n\n\n\n<p>11 9 9967 6973 &#8211; Ac\u00fastica<\/p>\n\n\n\n<p>11 9 7107 4218 &#8211; Audiologia<\/p>\n\n\n\n<p>E-mail: <a href=\"mailto:vibrasom@vibrasom.ind.br\">vibrasom@vibrasom.ind.b<\/a>r<\/p>\n\n\n\n<p><strong>Siga nosso Instagram!<\/strong><\/p>\n\n\n\n<p><a href=\"https:\/\/www.instagram.com\/vibrasom\/\" target=\"_blank\" rel=\"noopener\"><strong>Vibrasom<\/strong><\/a><\/p>\n","protected":false},"excerpt":{"rendered":"<p>A sa\u00fade dos trabalhadores deve ser prioridade em qualquer ambiente de trabalho, que precisa ser seguro e confort\u00e1vel para que todos possam desempenhar suas fun\u00e7\u00f5es com efici\u00eancia. No entanto, o ru\u00eddo excessivo \u00e9 um dos fatores que mais afetam negativamente a sa\u00fade e o bem-estar.&nbsp; Algumas pesquisas indicam que a exposi\u00e7\u00e3o cont\u00ednua a altos n\u00edveis&hellip;&nbsp;<a href=\"https:\/\/vibrasom.ind.br\/blog\/saude-dos-trabalhadores\/\" rel=\"bookmark\"><span class=\"screen-reader-text\">Qual a import\u00e2ncia do isolamento ac\u00fastico na sa\u00fade dos trabalhadores?<\/span><\/a><\/p>\n","protected":false},"author":1,"featured_media":567,"comment_status":"open","ping_status":"open","sticky":false,"template":"","format":"standard","meta":{"neve_meta_sidebar":"","neve_meta_container":"","neve_meta_enable_content_width":"","neve_meta_content_width":0,"neve_meta_title_alignment":"","neve_meta_author_avatar":"","neve_post_elements_order":"","neve_meta_disable_header":"","neve_meta_disable_footer":"","neve_meta_disable_title":"","footnotes":""},"categories":[136],"tags":[24,23,42,26,32,135,7],"class_list":["post-566","post","type-post","status-publish","format-standard","has-post-thumbnail","hentry","category-audiologia","tag-audiologia","tag-audiometria","tag-audiometria-ocupacional","tag-fonoaudiologia","tag-isolamentoacustico","tag-saude-dos-trabalhadores","tag-vibrasom"],"_links":{"self":[{"href":"https:\/\/vibrasom.ind.br\/blog\/wp-json\/wp\/v2\/posts\/566","targetHints":{"allow":["GET"]}}],"collection":[{"href":"https:\/\/vibrasom.ind.br\/blog\/wp-json\/wp\/v2\/posts"}],"about":[{"href":"https:\/\/vibrasom.ind.br\/blog\/wp-json\/wp\/v2\/types\/post"}],"author":[{"embeddable":true,"href":"https:\/\/vibrasom.ind.br\/blog\/wp-json\/wp\/v2\/users\/1"}],"replies":[{"embeddable":true,"href":"https:\/\/vibrasom.ind.br\/blog\/wp-json\/wp\/v2\/comments?post=566"}],"version-history":[{"count":0,"href":"https:\/\/vibrasom.ind.br\/blog\/wp-json\/wp\/v2\/posts\/566\/revisions"}],"wp:featuredmedia":[{"embeddable":true,"href":"https:\/\/vibrasom.ind.br\/blog\/wp-json\/wp\/v2\/media\/567"}],"wp:attachment":[{"href":"https:\/\/vibrasom.ind.br\/blog\/wp-json\/wp\/v2\/media?parent=566"}],"wp:term":[{"taxonomy":"category","embeddable":true,"href":"https:\/\/vibrasom.ind.br\/blog\/wp-json\/wp\/v2\/categories?post=566"},{"taxonomy":"post_tag","embeddable":true,"href":"https:\/\/vibrasom.ind.br\/blog\/wp-json\/wp\/v2\/tags?post=566"}],"curies":[{"name":"wp","href":"https:\/\/api.w.org\/{rel}","templated":true}]}}